

{"id":8149,"date":"2023-12-07T12:40:21","date_gmt":"2023-12-07T12:40:21","guid":{"rendered":"https:\/\/avliberdade.com\/?p=8149"},"modified":"2023-12-11T15:45:23","modified_gmt":"2023-12-11T15:45:23","slug":"buchholz-bookstore-a-new-life-at-80-2","status":"publish","type":"post","link":"https:\/\/avliberdade.com\/en\/buchholz-bookstore-a-new-life-at-80-2\/","title":{"rendered":"Buchholz Bookstore: A new life at 80"},"content":{"rendered":"<div class=\"wpb-content-wrapper\"><p>[vc_row css_animation=&#8221;&#8221; row_type=&#8221;row&#8221; use_row_as_full_screen_section=&#8221;no&#8221; type=&#8221;grid&#8221; angled_section=&#8221;no&#8221; text_align=&#8221;left&#8221; background_image_as_pattern=&#8221;without_pattern&#8221; z_index=&#8221;&#8221;][vc_column width=&#8221;3\/4&#8243;][vc_row_inner row_type=&#8221;row&#8221; type=&#8221;full_width&#8221; text_align=&#8221;left&#8221; css_animation=&#8221;&#8221;][vc_column_inner][vc_column_text el_class=&#8221;titulo_blog&#8221;]<\/p>\n<h1 class=\"tk3\" style=\"text-align: center;\">\u00a0Buchholz Bookstore: a new life at 80<\/h1>\n<p><strong>\u00a0<\/strong><\/p>\n<h3 style=\"text-align: center;\"><\/h3>\n<p>[\/vc_column_text][\/vc_column_inner][\/vc_row_inner][vc_single_image image=&#8221;8191&#8243; img_size=&#8221;full&#8221; qode_css_animation=&#8221;&#8221;][vc_column_text css=&#8221;.vc_custom_1701089089798{padding-top: 20px !important;padding-bottom: 20px !important;}&#8221;]<\/p>\n<div class=\"item-copy\">\n<div class=\"bodyText parbase\">\n<div class=\"item-copy\">\n<div class=\"bodyText parbase\">\n<p>Rehabilitated and revitalized, one of the oldest bookstores in Lisbon has just revealed itself to the city filled with novelties. Among the greatest names in literature and books on current major issues, Buchholz is once again selling records, works of art, promoting concerts, and hosting conversations. And there&#8217;s more: an exhibition of personal objects belonging to authors, including manuscripts by Jos\u00e9 Saramago and Ant\u00f3nio Lobo Antunes.<\/p>\n<p>Between a return to the past and a leap into the future, Buchholz has a new lease on life firmly rooted in the present. Celebrating its 80 years of stories, the Duque de Palmela\u2019s street bookstore presents itself with a fresh face, emphasizing renowned names in literature and thought, a heightened focus on giving space to new fiction authors, an expanded offering of foreign-language books, and numerous titles about the city of Lisbon.<\/p>\n<p>Graphic novels, books on visual arts and music also emerge with renewed vigor, complementing spaces dedicated to vinyl records and works by Portuguese artists \u2013 two commitments to independent curation led by Flur Discos and Icon Shop.<\/p>\n<p>The three wooden-clad floors connected by a monumental spiral staircase are once again hosting cycles of conversations, concerts, and wine tastings, among many other initiatives. In an increasingly digital world, this is a commitment to analog and untransmissible interaction. The topics range from literature to major contemporary issues. After a day of study or work, the people of Lisbon have a new space for gathering and enjoyment.<\/p>\n<p>There are also three permanent exhibitions\u2014one dedicated to Dom Quixote and its founder, Snu Abecassis, another about the publishing house that launched the only Portuguese Nobel laureate, and a third, spanning two floors, featuring personal objects of authors such as manuscripts from Ant\u00f3nio Lobo Antunes and Jos\u00e9 Saramago, Isabela Figueiredo&#8217;s first typewriter, and L\u00eddia Jorge&#8217;s favorite pens.<\/p>\n<p>The idea behind this renovation was to recover the DNA of this historical landmark. Founded by the German Karl Buchholz in the summer of 1943 on Avenida da Liberdade, the bookstore moved in 1965 to one of the streets parallel to the avenue, right next to Marqu\u00eas de Pombal. At that time, during the Estado Novo regime, Buchholz was already a hub for gatherings and resistance.<\/p>\n<p>Both the classical music record store and the art gallery, featuring artists like Helena Almeida, Noronha da Costa, and M\u00e1rio Cesariny, quickly became indispensable references in the city&#8217;s cultural life. Next to the floor-to-ceiling shelves, names like writers and poets Ant\u00f3nio Lobo Antunes, David Mour\u00e3o-Ferreira, Al Berto, and Assis Pacheco could be found.<\/p>\n<p>Buchholz was also a point of reference for several figures who shaped the political history of the country, such as M\u00e1rio Soares, S\u00e1 Carneiro, Freitas do Amaral, and Francisco Pinto Balsem\u00e3o. An interesting story: the idea for the provocative weekly newspaper &#8220;O Independente&#8221; was born here in the 1980s from a chance encounter between Miguel Esteves Cardoso and Paulo Portas, both regular customers.<\/p>\n<table class=\" aligncenter\" style=\"height: 22px;\" width=\"856\">\n<tbody>\n<tr>\n<td><\/td>\n<\/tr>\n<\/tbody>\n<\/table>\n<\/div>\n<\/div>\n<\/div>\n<\/div>\n<blockquote>\n<blockquote class=\"wp-block-quote\">\n<p class=\"has-text-align-left has-text-color has-medium-font-size\" style=\"text-align: center;\">\n<\/blockquote>\n<\/blockquote>\n<p>[\/vc_column_text][vc_gallery interval=&#8221;3&#8243; images=&#8221;8018,8020,8022,8024&#8243;][\/vc_column][vc_column width=&#8221;1\/4&#8243; css=&#8221;.vc_custom_1611306590457{padding-right: 30px !important;padding-left: 30px !important;}&#8221;][vc_widget_sidebar sidebar_id=&#8221;Sidebar Descobrir&#8221;][\/vc_column][\/vc_row][vc_row css_animation=&#8221;&#8221; row_type=&#8221;row&#8221; use_row_as_full_screen_section=&#8221;no&#8221; type=&#8221;full_width&#8221; angled_section=&#8221;no&#8221; text_align=&#8221;left&#8221; background_image_as_pattern=&#8221;without_pattern&#8221;][vc_column][\/vc_column][\/vc_row]<\/p>\n<\/div>","protected":false},"excerpt":{"rendered":"<p>Rehabilitated and revitalized, one of the oldest bookstores in Lisbon has just revealed itself to the city filled with novelties<\/p>\n","protected":false},"author":1,"featured_media":8191,"comment_status":"open","ping_status":"open","sticky":false,"template":"","format":"standard","meta":{"_acf_changed":false,"footnotes":""},"categories":[40],"tags":[],"class_list":["post-8149","post","type-post","status-publish","format-standard","has-post-thumbnail","hentry","category-discover"],"acf":[],"yoast_head":"<!-- This site is optimized with the Yoast SEO plugin v26.7 - https:\/\/yoast.com\/wordpress\/plugins\/seo\/ -->\n<title>Buchholz Bookstore: A new life at 80 &#8226; Avenida da Liberdade<\/title>\n<meta name=\"robots\" content=\"index, follow, max-snippet:-1, max-image-preview:large, max-video-preview:-1\" \/>\n<link rel=\"canonical\" href=\"https:\/\/avliberdade.com\/en\/buchholz-bookstore-a-new-life-at-80-2\/\" \/>\n<meta property=\"og:locale\" content=\"en_US\" \/>\n<meta property=\"og:type\" content=\"article\" \/>\n<meta property=\"og:title\" content=\"Buchholz Bookstore: A new life at 80 &#8226; Avenida da Liberdade\" \/>\n<meta property=\"og:description\" content=\"Rehabilitated and revitalized, one of the oldest bookstores in Lisbon has just revealed itself to the city filled with novelties\" \/>\n<meta property=\"og:url\" content=\"https:\/\/avliberdade.com\/en\/buchholz-bookstore-a-new-life-at-80-2\/\" \/>\n<meta property=\"og:site_name\" content=\"Avenida da Liberdade\" \/>\n<meta property=\"article:publisher\" content=\"https:\/\/www.facebook.com\/avenidadliberdade\" \/>\n<meta property=\"article:published_time\" content=\"2023-12-07T12:40:21+00:00\" \/>\n<meta property=\"article:modified_time\" content=\"2023-12-11T15:45:23+00:00\" \/>\n<meta property=\"og:image\" content=\"https:\/\/avliberdade.com\/wp-content\/uploads\/2023\/11\/RC38115-2.jpg\" \/>\n\t<meta property=\"og:image:width\" content=\"1380\" \/>\n\t<meta property=\"og:image:height\" content=\"1024\" \/>\n\t<meta property=\"og:image:type\" content=\"image\/jpeg\" \/>\n<meta name=\"author\" content=\"Labdesign\" \/>\n<meta name=\"twitter:card\" content=\"summary_large_image\" \/>\n<meta name=\"twitter:label1\" content=\"Written by\" \/>\n\t<meta name=\"twitter:data1\" content=\"Labdesign\" \/>\n\t<meta name=\"twitter:label2\" content=\"Est. reading time\" \/>\n\t<meta name=\"twitter:data2\" content=\"3 minutes\" \/>\n<script type=\"application\/ld+json\" class=\"yoast-schema-graph\">{\"@context\":\"https:\/\/schema.org\",\"@graph\":[{\"@type\":\"Article\",\"@id\":\"https:\/\/avliberdade.com\/en\/buchholz-bookstore-a-new-life-at-80-2\/#article\",\"isPartOf\":{\"@id\":\"https:\/\/avliberdade.com\/en\/buchholz-bookstore-a-new-life-at-80-2\/\"},\"author\":{\"name\":\"Labdesign\",\"@id\":\"https:\/\/avliberdade.com\/#\/schema\/person\/99f9d2a24e1d7345f98a0a70710d1548\"},\"headline\":\"Buchholz Bookstore: A new life at 80\",\"datePublished\":\"2023-12-07T12:40:21+00:00\",\"dateModified\":\"2023-12-11T15:45:23+00:00\",\"mainEntityOfPage\":{\"@id\":\"https:\/\/avliberdade.com\/en\/buchholz-bookstore-a-new-life-at-80-2\/\"},\"wordCount\":656,\"commentCount\":0,\"publisher\":{\"@id\":\"https:\/\/avliberdade.com\/#organization\"},\"image\":{\"@id\":\"https:\/\/avliberdade.com\/en\/buchholz-bookstore-a-new-life-at-80-2\/#primaryimage\"},\"thumbnailUrl\":\"https:\/\/avliberdade.com\/wp-content\/uploads\/2023\/11\/RC38115-2.jpg\",\"articleSection\":[\"DISCOVER\"],\"inLanguage\":\"en-US\",\"potentialAction\":[{\"@type\":\"CommentAction\",\"name\":\"Comment\",\"target\":[\"https:\/\/avliberdade.com\/en\/buchholz-bookstore-a-new-life-at-80-2\/#respond\"]}]},{\"@type\":\"WebPage\",\"@id\":\"https:\/\/avliberdade.com\/en\/buchholz-bookstore-a-new-life-at-80-2\/\",\"url\":\"https:\/\/avliberdade.com\/en\/buchholz-bookstore-a-new-life-at-80-2\/\",\"name\":\"Buchholz Bookstore: A new life at 80 &#8226; Avenida da Liberdade\",\"isPartOf\":{\"@id\":\"https:\/\/avliberdade.com\/#website\"},\"primaryImageOfPage\":{\"@id\":\"https:\/\/avliberdade.com\/en\/buchholz-bookstore-a-new-life-at-80-2\/#primaryimage\"},\"image\":{\"@id\":\"https:\/\/avliberdade.com\/en\/buchholz-bookstore-a-new-life-at-80-2\/#primaryimage\"},\"thumbnailUrl\":\"https:\/\/avliberdade.com\/wp-content\/uploads\/2023\/11\/RC38115-2.jpg\",\"datePublished\":\"2023-12-07T12:40:21+00:00\",\"dateModified\":\"2023-12-11T15:45:23+00:00\",\"breadcrumb\":{\"@id\":\"https:\/\/avliberdade.com\/en\/buchholz-bookstore-a-new-life-at-80-2\/#breadcrumb\"},\"inLanguage\":\"en-US\",\"potentialAction\":[{\"@type\":\"ReadAction\",\"target\":[\"https:\/\/avliberdade.com\/en\/buchholz-bookstore-a-new-life-at-80-2\/\"]}]},{\"@type\":\"ImageObject\",\"inLanguage\":\"en-US\",\"@id\":\"https:\/\/avliberdade.com\/en\/buchholz-bookstore-a-new-life-at-80-2\/#primaryimage\",\"url\":\"https:\/\/avliberdade.com\/wp-content\/uploads\/2023\/11\/RC38115-2.jpg\",\"contentUrl\":\"https:\/\/avliberdade.com\/wp-content\/uploads\/2023\/11\/RC38115-2.jpg\",\"width\":1380,\"height\":1024},{\"@type\":\"BreadcrumbList\",\"@id\":\"https:\/\/avliberdade.com\/en\/buchholz-bookstore-a-new-life-at-80-2\/#breadcrumb\",\"itemListElement\":[{\"@type\":\"ListItem\",\"position\":1,\"name\":\"In\u00edcio\",\"item\":\"https:\/\/avliberdade.com\/en\/\"},{\"@type\":\"ListItem\",\"position\":2,\"name\":\"Buchholz Bookstore: A new life at 80\"}]},{\"@type\":\"WebSite\",\"@id\":\"https:\/\/avliberdade.com\/#website\",\"url\":\"https:\/\/avliberdade.com\/\",\"name\":\"Avenida da Liberdade\",\"description\":\"No cora\u00e7\u00e3o de Lisboa\",\"publisher\":{\"@id\":\"https:\/\/avliberdade.com\/#organization\"},\"potentialAction\":[{\"@type\":\"SearchAction\",\"target\":{\"@type\":\"EntryPoint\",\"urlTemplate\":\"https:\/\/avliberdade.com\/?s={search_term_string}\"},\"query-input\":{\"@type\":\"PropertyValueSpecification\",\"valueRequired\":true,\"valueName\":\"search_term_string\"}}],\"inLanguage\":\"en-US\"},{\"@type\":\"Organization\",\"@id\":\"https:\/\/avliberdade.com\/#organization\",\"name\":\"Associa\u00e7\u00e3o Avenida da Liberdade\",\"url\":\"https:\/\/avliberdade.com\/\",\"logo\":{\"@type\":\"ImageObject\",\"inLanguage\":\"en-US\",\"@id\":\"https:\/\/avliberdade.com\/#\/schema\/logo\/image\/\",\"url\":\"https:\/\/avliberdade.com\/wp-content\/uploads\/2021\/02\/logo-al.jpg\",\"contentUrl\":\"https:\/\/avliberdade.com\/wp-content\/uploads\/2021\/02\/logo-al.jpg\",\"width\":1080,\"height\":1080,\"caption\":\"Associa\u00e7\u00e3o Avenida da Liberdade\"},\"image\":{\"@id\":\"https:\/\/avliberdade.com\/#\/schema\/logo\/image\/\"},\"sameAs\":[\"https:\/\/www.facebook.com\/avenidadliberdade\",\"https:\/\/www.instagram.com\/avenida.liberdade\/\"]},{\"@type\":\"Person\",\"@id\":\"https:\/\/avliberdade.com\/#\/schema\/person\/99f9d2a24e1d7345f98a0a70710d1548\",\"name\":\"Labdesign\",\"image\":{\"@type\":\"ImageObject\",\"inLanguage\":\"en-US\",\"@id\":\"https:\/\/avliberdade.com\/#\/schema\/person\/image\/\",\"url\":\"https:\/\/secure.gravatar.com\/avatar\/2be97cbf3cf3ac0adf86fe3b6b81aa83698e31cf0ab0f2da7b8c4a8e7a8d6f28?s=96&d=mm&r=g\",\"contentUrl\":\"https:\/\/secure.gravatar.com\/avatar\/2be97cbf3cf3ac0adf86fe3b6b81aa83698e31cf0ab0f2da7b8c4a8e7a8d6f28?s=96&d=mm&r=g\",\"caption\":\"Labdesign\"},\"sameAs\":[\"https:\/\/avliberdade.com\"],\"url\":\"https:\/\/avliberdade.com\/en\/author\/labdesign\/\"}]}<\/script>\n<!-- \/ Yoast SEO plugin. -->","yoast_head_json":{"title":"Buchholz Bookstore: A new life at 80 &#8226; Avenida da Liberdade","robots":{"index":"index","follow":"follow","max-snippet":"max-snippet:-1","max-image-preview":"max-image-preview:large","max-video-preview":"max-video-preview:-1"},"canonical":"https:\/\/avliberdade.com\/en\/buchholz-bookstore-a-new-life-at-80-2\/","og_locale":"en_US","og_type":"article","og_title":"Buchholz Bookstore: A new life at 80 &#8226; Avenida da Liberdade","og_description":"Rehabilitated and revitalized, one of the oldest bookstores in Lisbon has just revealed itself to the city filled with novelties","og_url":"https:\/\/avliberdade.com\/en\/buchholz-bookstore-a-new-life-at-80-2\/","og_site_name":"Avenida da Liberdade","article_publisher":"https:\/\/www.facebook.com\/avenidadliberdade","article_published_time":"2023-12-07T12:40:21+00:00","article_modified_time":"2023-12-11T15:45:23+00:00","og_image":[{"width":1380,"height":1024,"url":"https:\/\/avliberdade.com\/wp-content\/uploads\/2023\/11\/RC38115-2.jpg","type":"image\/jpeg"}],"author":"Labdesign","twitter_card":"summary_large_image","twitter_misc":{"Written by":"Labdesign","Est. reading time":"3 minutes"},"schema":{"@context":"https:\/\/schema.org","@graph":[{"@type":"Article","@id":"https:\/\/avliberdade.com\/en\/buchholz-bookstore-a-new-life-at-80-2\/#article","isPartOf":{"@id":"https:\/\/avliberdade.com\/en\/buchholz-bookstore-a-new-life-at-80-2\/"},"author":{"name":"Labdesign","@id":"https:\/\/avliberdade.com\/#\/schema\/person\/99f9d2a24e1d7345f98a0a70710d1548"},"headline":"Buchholz Bookstore: A new life at 80","datePublished":"2023-12-07T12:40:21+00:00","dateModified":"2023-12-11T15:45:23+00:00","mainEntityOfPage":{"@id":"https:\/\/avliberdade.com\/en\/buchholz-bookstore-a-new-life-at-80-2\/"},"wordCount":656,"commentCount":0,"publisher":{"@id":"https:\/\/avliberdade.com\/#organization"},"image":{"@id":"https:\/\/avliberdade.com\/en\/buchholz-bookstore-a-new-life-at-80-2\/#primaryimage"},"thumbnailUrl":"https:\/\/avliberdade.com\/wp-content\/uploads\/2023\/11\/RC38115-2.jpg","articleSection":["DISCOVER"],"inLanguage":"en-US","potentialAction":[{"@type":"CommentAction","name":"Comment","target":["https:\/\/avliberdade.com\/en\/buchholz-bookstore-a-new-life-at-80-2\/#respond"]}]},{"@type":"WebPage","@id":"https:\/\/avliberdade.com\/en\/buchholz-bookstore-a-new-life-at-80-2\/","url":"https:\/\/avliberdade.com\/en\/buchholz-bookstore-a-new-life-at-80-2\/","name":"Buchholz Bookstore: A new life at 80 &#8226; Avenida da Liberdade","isPartOf":{"@id":"https:\/\/avliberdade.com\/#website"},"primaryImageOfPage":{"@id":"https:\/\/avliberdade.com\/en\/buchholz-bookstore-a-new-life-at-80-2\/#primaryimage"},"image":{"@id":"https:\/\/avliberdade.com\/en\/buchholz-bookstore-a-new-life-at-80-2\/#primaryimage"},"thumbnailUrl":"https:\/\/avliberdade.com\/wp-content\/uploads\/2023\/11\/RC38115-2.jpg","datePublished":"2023-12-07T12:40:21+00:00","dateModified":"2023-12-11T15:45:23+00:00","breadcrumb":{"@id":"https:\/\/avliberdade.com\/en\/buchholz-bookstore-a-new-life-at-80-2\/#breadcrumb"},"inLanguage":"en-US","potentialAction":[{"@type":"ReadAction","target":["https:\/\/avliberdade.com\/en\/buchholz-bookstore-a-new-life-at-80-2\/"]}]},{"@type":"ImageObject","inLanguage":"en-US","@id":"https:\/\/avliberdade.com\/en\/buchholz-bookstore-a-new-life-at-80-2\/#primaryimage","url":"https:\/\/avliberdade.com\/wp-content\/uploads\/2023\/11\/RC38115-2.jpg","contentUrl":"https:\/\/avliberdade.com\/wp-content\/uploads\/2023\/11\/RC38115-2.jpg","width":1380,"height":1024},{"@type":"BreadcrumbList","@id":"https:\/\/avliberdade.com\/en\/buchholz-bookstore-a-new-life-at-80-2\/#breadcrumb","itemListElement":[{"@type":"ListItem","position":1,"name":"In\u00edcio","item":"https:\/\/avliberdade.com\/en\/"},{"@type":"ListItem","position":2,"name":"Buchholz Bookstore: A new life at 80"}]},{"@type":"WebSite","@id":"https:\/\/avliberdade.com\/#website","url":"https:\/\/avliberdade.com\/","name":"Avenida da Liberdade","description":"No cora\u00e7\u00e3o de Lisboa","publisher":{"@id":"https:\/\/avliberdade.com\/#organization"},"potentialAction":[{"@type":"SearchAction","target":{"@type":"EntryPoint","urlTemplate":"https:\/\/avliberdade.com\/?s={search_term_string}"},"query-input":{"@type":"PropertyValueSpecification","valueRequired":true,"valueName":"search_term_string"}}],"inLanguage":"en-US"},{"@type":"Organization","@id":"https:\/\/avliberdade.com\/#organization","name":"Associa\u00e7\u00e3o Avenida da Liberdade","url":"https:\/\/avliberdade.com\/","logo":{"@type":"ImageObject","inLanguage":"en-US","@id":"https:\/\/avliberdade.com\/#\/schema\/logo\/image\/","url":"https:\/\/avliberdade.com\/wp-content\/uploads\/2021\/02\/logo-al.jpg","contentUrl":"https:\/\/avliberdade.com\/wp-content\/uploads\/2021\/02\/logo-al.jpg","width":1080,"height":1080,"caption":"Associa\u00e7\u00e3o Avenida da Liberdade"},"image":{"@id":"https:\/\/avliberdade.com\/#\/schema\/logo\/image\/"},"sameAs":["https:\/\/www.facebook.com\/avenidadliberdade","https:\/\/www.instagram.com\/avenida.liberdade\/"]},{"@type":"Person","@id":"https:\/\/avliberdade.com\/#\/schema\/person\/99f9d2a24e1d7345f98a0a70710d1548","name":"Labdesign","image":{"@type":"ImageObject","inLanguage":"en-US","@id":"https:\/\/avliberdade.com\/#\/schema\/person\/image\/","url":"https:\/\/secure.gravatar.com\/avatar\/2be97cbf3cf3ac0adf86fe3b6b81aa83698e31cf0ab0f2da7b8c4a8e7a8d6f28?s=96&d=mm&r=g","contentUrl":"https:\/\/secure.gravatar.com\/avatar\/2be97cbf3cf3ac0adf86fe3b6b81aa83698e31cf0ab0f2da7b8c4a8e7a8d6f28?s=96&d=mm&r=g","caption":"Labdesign"},"sameAs":["https:\/\/avliberdade.com"],"url":"https:\/\/avliberdade.com\/en\/author\/labdesign\/"}]}},"_links":{"self":[{"href":"https:\/\/avliberdade.com\/en\/wp-json\/wp\/v2\/posts\/8149","targetHints":{"allow":["GET"]}}],"collection":[{"href":"https:\/\/avliberdade.com\/en\/wp-json\/wp\/v2\/posts"}],"about":[{"href":"https:\/\/avliberdade.com\/en\/wp-json\/wp\/v2\/types\/post"}],"author":[{"embeddable":true,"href":"https:\/\/avliberdade.com\/en\/wp-json\/wp\/v2\/users\/1"}],"replies":[{"embeddable":true,"href":"https:\/\/avliberdade.com\/en\/wp-json\/wp\/v2\/comments?post=8149"}],"version-history":[{"count":4,"href":"https:\/\/avliberdade.com\/en\/wp-json\/wp\/v2\/posts\/8149\/revisions"}],"predecessor-version":[{"id":8280,"href":"https:\/\/avliberdade.com\/en\/wp-json\/wp\/v2\/posts\/8149\/revisions\/8280"}],"wp:featuredmedia":[{"embeddable":true,"href":"https:\/\/avliberdade.com\/en\/wp-json\/wp\/v2\/media\/8191"}],"wp:attachment":[{"href":"https:\/\/avliberdade.com\/en\/wp-json\/wp\/v2\/media?parent=8149"}],"wp:term":[{"taxonomy":"category","embeddable":true,"href":"https:\/\/avliberdade.com\/en\/wp-json\/wp\/v2\/categories?post=8149"},{"taxonomy":"post_tag","embeddable":true,"href":"https:\/\/avliberdade.com\/en\/wp-json\/wp\/v2\/tags?post=8149"}],"curies":[{"name":"wp","href":"https:\/\/api.w.org\/{rel}","templated":true}]}}