

{"id":3182,"date":"2021-03-28T16:52:32","date_gmt":"2021-03-28T16:52:32","guid":{"rendered":"https:\/\/avliberdade.com\/?p=3182"},"modified":"2024-10-01T16:40:15","modified_gmt":"2024-10-01T16:40:15","slug":"massimo-dutti","status":"publish","type":"post","link":"https:\/\/avliberdade.com\/en\/massimo-dutti\/","title":{"rendered":"Massimo Dutti"},"content":{"rendered":"<div class=\"wpb-content-wrapper\"><p>[vc_row css_animation=&#8221;&#8221; row_type=&#8221;row&#8221; use_row_as_full_screen_section=&#8221;no&#8221; type=&#8221;full_width&#8221; angled_section=&#8221;no&#8221; text_align=&#8221;left&#8221; background_image_as_pattern=&#8221;without_pattern&#8221; z_index=&#8221;&#8221; el_class=&#8221;menu_imagens&#8221;][vc_column width=&#8221;1\/6&#8243;][\/vc_column][vc_column css_animation=&#8221;none&#8221; width=&#8221;2\/6&#8243; css=&#8221;.vc_custom_1604410494212{margin-bottom: 40px !important;}&#8221;][vc_single_image image=&#8221;11282&#8243; img_size=&#8221;large&#8221; css=&#8221;&#8221; qode_css_animation=&#8221;&#8221;][vc_single_image image=&#8221;11278&#8243; img_size=&#8221;large&#8221; onclick=&#8221;custom_link&#8221; css=&#8221;&#8221; qode_css_animation=&#8221;element_from_right&#8221;][\/vc_column][vc_column css_animation=&#8221;none&#8221; width=&#8221;2\/6&#8243; css=&#8221;.vc_custom_1604410500032{margin-bottom: 40px !important;}&#8221;][vc_column_text el_class=&#8221;caixa_moldura&#8221;]<\/p>\n<h4><img decoding=\"async\" class=\"alignnone wp-image-204 lazyload\" role=\"img\" data-src=\"https:\/\/avliberdade.com\/wp-content\/uploads\/\/2020\/11\/icin-05.svg\" alt=\"\" width=\"50\" height=\"50\" src=\"data:image\/svg+xml;base64,PHN2ZyB3aWR0aD0iMSIgaGVpZ2h0PSIxIiB4bWxucz0iaHR0cDovL3d3dy53My5vcmcvMjAwMC9zdmciPjwvc3ZnPg==\" style=\"--smush-placeholder-width: 50px; --smush-placeholder-aspect-ratio: 50\/50;\" \/><\/h4>\n<h1><span style=\"color: #000000;\">MASSIMO DUTTI<\/span><\/h1>\n<p>The Avenida da Liberdade store has three floors open to the public which display the different Massimo Dutti collections. In the basement, you can find part of the Women Collection and the Massimo Dutti perfumery collection, located in an individual room of the former kitchen in the house along with an area for e-fitting rooms preceded by a small space which is ideal for waiting and relaxing. Floor 0, or the ground floor, is fully taken up by the Women\u2019s Collection while the Men\u2019s Collection is on Floor 1 where there are specific areas dedicated to the different collections and the exclusive Personal Tailoring area. There is also an area on the same floor for accessories in the former tower of the house plus an amazing book store right next to the checkout. The book store displays and sells a collection of books on fashion and design, in collaboration with the prestigious German publisher, Taschen.[\/vc_column_text][vc_column_text css=&#8221;.vc_custom_1616950326593{margin-top: 30px !important;}&#8221; el_class=&#8221;caixa_moldura&#8221;]<\/p>\n<h5>LOCATION AND CONTACTS<\/h5>\n<h6>Av. da Liberdade, 193<br \/>\n1250-096 Lisboa<br \/>\nPORTUGAL<br \/>\n<a href=\"tel:00351210522370\">+ 351210522370 <\/a><br \/>\n<a href=\"https:\/\/www.massimodutti.com\/pt\/\">www.massimodutti.com\/pt<\/a><\/h6>\n<p>&nbsp;<\/p>\n<h5><a href=\"https:\/\/www.facebook.com\/MassimoDuttiOfficial\" target=\"_blank\" rel=\"noopener noreferrer\">FACEBOOK<\/a><\/h5>\n<h5><a href=\"https:\/\/www.instagram.com\/massimodutti\/?hl=pt\" target=\"_blank\" rel=\"noopener noreferrer\">INSTAGRAM<\/a><\/h5>\n<h5><a href=\"https:\/\/goo.gl\/maps\/Y3DVWgZFq4sRMyvj7\" target=\"_blank\" rel=\"noopener noreferrer\">GOOGLE MAPS<\/a><\/h5>\n<h5><\/h5>\n<p>[\/vc_column_text][\/vc_column][vc_column width=&#8221;1\/6&#8243;][\/vc_column][\/vc_row]<\/p>\n<\/div>","protected":false},"excerpt":{"rendered":"<p>A Vacheron Constantin, a mais antiga manufatura relojoeira do mundo, em produ\u00e7\u00e3o cont\u00ednua h\u00e1 mais de 265 anos, j\u00e1 abriu a sua primeira boutique em Portugal. <\/p>\n","protected":false},"author":3,"featured_media":3186,"comment_status":"open","ping_status":"open","sticky":false,"template":"","format":"standard","meta":{"_acf_changed":false,"footnotes":""},"categories":[28,29],"tags":[],"class_list":["post-3182","post","type-post","status-publish","format-standard","has-post-thumbnail","hentry","category-affiliated","category-to-shop"],"acf":[],"yoast_head":"<!-- This site is optimized with the Yoast SEO plugin v26.7 - https:\/\/yoast.com\/wordpress\/plugins\/seo\/ -->\n<title>Massimo Dutti &#8226; Avenida da Liberdade<\/title>\n<meta name=\"description\" content=\"A Vacheron Constantin, a mais antiga manufatura relojoeira do mundo, em produ\u00e7\u00e3o cont\u00ednua h\u00e1 mais de 265 anos, j\u00e1 abriu a sua primeira boutique em Portugal.\" \/>\n<meta name=\"robots\" content=\"index, follow, max-snippet:-1, max-image-preview:large, max-video-preview:-1\" \/>\n<link rel=\"canonical\" href=\"https:\/\/avliberdade.com\/en\/massimo-dutti\/\" \/>\n<meta property=\"og:locale\" content=\"en_US\" \/>\n<meta property=\"og:type\" content=\"article\" \/>\n<meta property=\"og:title\" content=\"Massimo Dutti &#8226; Avenida da Liberdade\" \/>\n<meta property=\"og:description\" content=\"A Vacheron Constantin, a mais antiga manufatura relojoeira do mundo, em produ\u00e7\u00e3o cont\u00ednua h\u00e1 mais de 265 anos, j\u00e1 abriu a sua primeira boutique em Portugal.\" \/>\n<meta property=\"og:url\" content=\"https:\/\/avliberdade.com\/en\/massimo-dutti\/\" \/>\n<meta property=\"og:site_name\" content=\"Avenida da Liberdade\" \/>\n<meta property=\"article:publisher\" content=\"https:\/\/www.facebook.com\/avenidadliberdade\" \/>\n<meta property=\"article:published_time\" content=\"2021-03-28T16:52:32+00:00\" \/>\n<meta property=\"article:modified_time\" content=\"2024-10-01T16:40:15+00:00\" \/>\n<meta property=\"og:image\" content=\"https:\/\/avliberdade.com\/wp-content\/uploads\/2021\/03\/Massimo-Dutti-Lisboa-Foto-Exterior.jpg\" \/>\n\t<meta property=\"og:image:width\" content=\"1500\" \/>\n\t<meta property=\"og:image:height\" content=\"1003\" \/>\n\t<meta property=\"og:image:type\" content=\"image\/jpeg\" \/>\n<meta name=\"author\" content=\"Avenida Liberdade Admin\" \/>\n<meta name=\"twitter:card\" content=\"summary_large_image\" \/>\n<meta name=\"twitter:label1\" content=\"Written by\" \/>\n\t<meta name=\"twitter:data1\" content=\"Avenida Liberdade Admin\" \/>\n\t<meta name=\"twitter:label2\" content=\"Est. reading time\" \/>\n\t<meta name=\"twitter:data2\" content=\"2 minutes\" \/>\n<script type=\"application\/ld+json\" class=\"yoast-schema-graph\">{\"@context\":\"https:\/\/schema.org\",\"@graph\":[{\"@type\":\"Article\",\"@id\":\"https:\/\/avliberdade.com\/en\/massimo-dutti\/#article\",\"isPartOf\":{\"@id\":\"https:\/\/avliberdade.com\/en\/massimo-dutti\/\"},\"author\":{\"name\":\"Avenida Liberdade Admin\",\"@id\":\"https:\/\/avliberdade.com\/#\/schema\/person\/6134b3eb277be2ece7e67b97cf45b047\"},\"headline\":\"Massimo Dutti\",\"datePublished\":\"2021-03-28T16:52:32+00:00\",\"dateModified\":\"2024-10-01T16:40:15+00:00\",\"mainEntityOfPage\":{\"@id\":\"https:\/\/avliberdade.com\/en\/massimo-dutti\/\"},\"wordCount\":306,\"commentCount\":0,\"publisher\":{\"@id\":\"https:\/\/avliberdade.com\/#organization\"},\"image\":{\"@id\":\"https:\/\/avliberdade.com\/en\/massimo-dutti\/#primaryimage\"},\"thumbnailUrl\":\"https:\/\/avliberdade.com\/wp-content\/uploads\/2021\/03\/Massimo-Dutti-Lisboa-Foto-Exterior.jpg\",\"articleSection\":[\"AFFILIATED\",\"TO SHOP\"],\"inLanguage\":\"en-US\",\"potentialAction\":[{\"@type\":\"CommentAction\",\"name\":\"Comment\",\"target\":[\"https:\/\/avliberdade.com\/en\/massimo-dutti\/#respond\"]}]},{\"@type\":\"WebPage\",\"@id\":\"https:\/\/avliberdade.com\/en\/massimo-dutti\/\",\"url\":\"https:\/\/avliberdade.com\/en\/massimo-dutti\/\",\"name\":\"Massimo Dutti &#8226; Avenida da Liberdade\",\"isPartOf\":{\"@id\":\"https:\/\/avliberdade.com\/#website\"},\"primaryImageOfPage\":{\"@id\":\"https:\/\/avliberdade.com\/en\/massimo-dutti\/#primaryimage\"},\"image\":{\"@id\":\"https:\/\/avliberdade.com\/en\/massimo-dutti\/#primaryimage\"},\"thumbnailUrl\":\"https:\/\/avliberdade.com\/wp-content\/uploads\/2021\/03\/Massimo-Dutti-Lisboa-Foto-Exterior.jpg\",\"datePublished\":\"2021-03-28T16:52:32+00:00\",\"dateModified\":\"2024-10-01T16:40:15+00:00\",\"description\":\"A Vacheron Constantin, a mais antiga manufatura relojoeira do mundo, em produ\u00e7\u00e3o cont\u00ednua h\u00e1 mais de 265 anos, j\u00e1 abriu a sua primeira boutique em Portugal.\",\"breadcrumb\":{\"@id\":\"https:\/\/avliberdade.com\/en\/massimo-dutti\/#breadcrumb\"},\"inLanguage\":\"en-US\",\"potentialAction\":[{\"@type\":\"ReadAction\",\"target\":[\"https:\/\/avliberdade.com\/en\/massimo-dutti\/\"]}]},{\"@type\":\"ImageObject\",\"inLanguage\":\"en-US\",\"@id\":\"https:\/\/avliberdade.com\/en\/massimo-dutti\/#primaryimage\",\"url\":\"https:\/\/avliberdade.com\/wp-content\/uploads\/2021\/03\/Massimo-Dutti-Lisboa-Foto-Exterior.jpg\",\"contentUrl\":\"https:\/\/avliberdade.com\/wp-content\/uploads\/2021\/03\/Massimo-Dutti-Lisboa-Foto-Exterior.jpg\",\"width\":1500,\"height\":1003},{\"@type\":\"BreadcrumbList\",\"@id\":\"https:\/\/avliberdade.com\/en\/massimo-dutti\/#breadcrumb\",\"itemListElement\":[{\"@type\":\"ListItem\",\"position\":1,\"name\":\"In\u00edcio\",\"item\":\"https:\/\/avliberdade.com\/en\/\"},{\"@type\":\"ListItem\",\"position\":2,\"name\":\"Massimo Dutti\"}]},{\"@type\":\"WebSite\",\"@id\":\"https:\/\/avliberdade.com\/#website\",\"url\":\"https:\/\/avliberdade.com\/\",\"name\":\"Avenida da Liberdade\",\"description\":\"No cora\u00e7\u00e3o de Lisboa\",\"publisher\":{\"@id\":\"https:\/\/avliberdade.com\/#organization\"},\"potentialAction\":[{\"@type\":\"SearchAction\",\"target\":{\"@type\":\"EntryPoint\",\"urlTemplate\":\"https:\/\/avliberdade.com\/?s={search_term_string}\"},\"query-input\":{\"@type\":\"PropertyValueSpecification\",\"valueRequired\":true,\"valueName\":\"search_term_string\"}}],\"inLanguage\":\"en-US\"},{\"@type\":\"Organization\",\"@id\":\"https:\/\/avliberdade.com\/#organization\",\"name\":\"Associa\u00e7\u00e3o Avenida da Liberdade\",\"url\":\"https:\/\/avliberdade.com\/\",\"logo\":{\"@type\":\"ImageObject\",\"inLanguage\":\"en-US\",\"@id\":\"https:\/\/avliberdade.com\/#\/schema\/logo\/image\/\",\"url\":\"https:\/\/avliberdade.com\/wp-content\/uploads\/2021\/02\/logo-al.jpg\",\"contentUrl\":\"https:\/\/avliberdade.com\/wp-content\/uploads\/2021\/02\/logo-al.jpg\",\"width\":1080,\"height\":1080,\"caption\":\"Associa\u00e7\u00e3o Avenida da Liberdade\"},\"image\":{\"@id\":\"https:\/\/avliberdade.com\/#\/schema\/logo\/image\/\"},\"sameAs\":[\"https:\/\/www.facebook.com\/avenidadliberdade\",\"https:\/\/www.instagram.com\/avenida.liberdade\/\"]},{\"@type\":\"Person\",\"@id\":\"https:\/\/avliberdade.com\/#\/schema\/person\/6134b3eb277be2ece7e67b97cf45b047\",\"name\":\"Avenida Liberdade Admin\",\"image\":{\"@type\":\"ImageObject\",\"inLanguage\":\"en-US\",\"@id\":\"https:\/\/avliberdade.com\/#\/schema\/person\/image\/\",\"url\":\"https:\/\/secure.gravatar.com\/avatar\/45e300488b9726158128f64f015d0e9148b850180a3704c13afb448010480f95?s=96&d=mm&r=g\",\"contentUrl\":\"https:\/\/secure.gravatar.com\/avatar\/45e300488b9726158128f64f015d0e9148b850180a3704c13afb448010480f95?s=96&d=mm&r=g\",\"caption\":\"Avenida Liberdade Admin\"},\"url\":\"https:\/\/avliberdade.com\/en\/author\/avenida-liberdade-admin\/\"}]}<\/script>\n<!-- \/ Yoast SEO plugin. -->","yoast_head_json":{"title":"Massimo Dutti &#8226; Avenida da Liberdade","description":"A Vacheron Constantin, a mais antiga manufatura relojoeira do mundo, em produ\u00e7\u00e3o cont\u00ednua h\u00e1 mais de 265 anos, j\u00e1 abriu a sua primeira boutique em Portugal.","robots":{"index":"index","follow":"follow","max-snippet":"max-snippet:-1","max-image-preview":"max-image-preview:large","max-video-preview":"max-video-preview:-1"},"canonical":"https:\/\/avliberdade.com\/en\/massimo-dutti\/","og_locale":"en_US","og_type":"article","og_title":"Massimo Dutti &#8226; Avenida da Liberdade","og_description":"A Vacheron Constantin, a mais antiga manufatura relojoeira do mundo, em produ\u00e7\u00e3o cont\u00ednua h\u00e1 mais de 265 anos, j\u00e1 abriu a sua primeira boutique em Portugal.","og_url":"https:\/\/avliberdade.com\/en\/massimo-dutti\/","og_site_name":"Avenida da Liberdade","article_publisher":"https:\/\/www.facebook.com\/avenidadliberdade","article_published_time":"2021-03-28T16:52:32+00:00","article_modified_time":"2024-10-01T16:40:15+00:00","og_image":[{"width":1500,"height":1003,"url":"https:\/\/avliberdade.com\/wp-content\/uploads\/2021\/03\/Massimo-Dutti-Lisboa-Foto-Exterior.jpg","type":"image\/jpeg"}],"author":"Avenida Liberdade Admin","twitter_card":"summary_large_image","twitter_misc":{"Written by":"Avenida Liberdade Admin","Est. reading time":"2 minutes"},"schema":{"@context":"https:\/\/schema.org","@graph":[{"@type":"Article","@id":"https:\/\/avliberdade.com\/en\/massimo-dutti\/#article","isPartOf":{"@id":"https:\/\/avliberdade.com\/en\/massimo-dutti\/"},"author":{"name":"Avenida Liberdade Admin","@id":"https:\/\/avliberdade.com\/#\/schema\/person\/6134b3eb277be2ece7e67b97cf45b047"},"headline":"Massimo Dutti","datePublished":"2021-03-28T16:52:32+00:00","dateModified":"2024-10-01T16:40:15+00:00","mainEntityOfPage":{"@id":"https:\/\/avliberdade.com\/en\/massimo-dutti\/"},"wordCount":306,"commentCount":0,"publisher":{"@id":"https:\/\/avliberdade.com\/#organization"},"image":{"@id":"https:\/\/avliberdade.com\/en\/massimo-dutti\/#primaryimage"},"thumbnailUrl":"https:\/\/avliberdade.com\/wp-content\/uploads\/2021\/03\/Massimo-Dutti-Lisboa-Foto-Exterior.jpg","articleSection":["AFFILIATED","TO SHOP"],"inLanguage":"en-US","potentialAction":[{"@type":"CommentAction","name":"Comment","target":["https:\/\/avliberdade.com\/en\/massimo-dutti\/#respond"]}]},{"@type":"WebPage","@id":"https:\/\/avliberdade.com\/en\/massimo-dutti\/","url":"https:\/\/avliberdade.com\/en\/massimo-dutti\/","name":"Massimo Dutti &#8226; Avenida da Liberdade","isPartOf":{"@id":"https:\/\/avliberdade.com\/#website"},"primaryImageOfPage":{"@id":"https:\/\/avliberdade.com\/en\/massimo-dutti\/#primaryimage"},"image":{"@id":"https:\/\/avliberdade.com\/en\/massimo-dutti\/#primaryimage"},"thumbnailUrl":"https:\/\/avliberdade.com\/wp-content\/uploads\/2021\/03\/Massimo-Dutti-Lisboa-Foto-Exterior.jpg","datePublished":"2021-03-28T16:52:32+00:00","dateModified":"2024-10-01T16:40:15+00:00","description":"A Vacheron Constantin, a mais antiga manufatura relojoeira do mundo, em produ\u00e7\u00e3o cont\u00ednua h\u00e1 mais de 265 anos, j\u00e1 abriu a sua primeira boutique em Portugal.","breadcrumb":{"@id":"https:\/\/avliberdade.com\/en\/massimo-dutti\/#breadcrumb"},"inLanguage":"en-US","potentialAction":[{"@type":"ReadAction","target":["https:\/\/avliberdade.com\/en\/massimo-dutti\/"]}]},{"@type":"ImageObject","inLanguage":"en-US","@id":"https:\/\/avliberdade.com\/en\/massimo-dutti\/#primaryimage","url":"https:\/\/avliberdade.com\/wp-content\/uploads\/2021\/03\/Massimo-Dutti-Lisboa-Foto-Exterior.jpg","contentUrl":"https:\/\/avliberdade.com\/wp-content\/uploads\/2021\/03\/Massimo-Dutti-Lisboa-Foto-Exterior.jpg","width":1500,"height":1003},{"@type":"BreadcrumbList","@id":"https:\/\/avliberdade.com\/en\/massimo-dutti\/#breadcrumb","itemListElement":[{"@type":"ListItem","position":1,"name":"In\u00edcio","item":"https:\/\/avliberdade.com\/en\/"},{"@type":"ListItem","position":2,"name":"Massimo Dutti"}]},{"@type":"WebSite","@id":"https:\/\/avliberdade.com\/#website","url":"https:\/\/avliberdade.com\/","name":"Avenida da Liberdade","description":"No cora\u00e7\u00e3o de Lisboa","publisher":{"@id":"https:\/\/avliberdade.com\/#organization"},"potentialAction":[{"@type":"SearchAction","target":{"@type":"EntryPoint","urlTemplate":"https:\/\/avliberdade.com\/?s={search_term_string}"},"query-input":{"@type":"PropertyValueSpecification","valueRequired":true,"valueName":"search_term_string"}}],"inLanguage":"en-US"},{"@type":"Organization","@id":"https:\/\/avliberdade.com\/#organization","name":"Associa\u00e7\u00e3o Avenida da Liberdade","url":"https:\/\/avliberdade.com\/","logo":{"@type":"ImageObject","inLanguage":"en-US","@id":"https:\/\/avliberdade.com\/#\/schema\/logo\/image\/","url":"https:\/\/avliberdade.com\/wp-content\/uploads\/2021\/02\/logo-al.jpg","contentUrl":"https:\/\/avliberdade.com\/wp-content\/uploads\/2021\/02\/logo-al.jpg","width":1080,"height":1080,"caption":"Associa\u00e7\u00e3o Avenida da Liberdade"},"image":{"@id":"https:\/\/avliberdade.com\/#\/schema\/logo\/image\/"},"sameAs":["https:\/\/www.facebook.com\/avenidadliberdade","https:\/\/www.instagram.com\/avenida.liberdade\/"]},{"@type":"Person","@id":"https:\/\/avliberdade.com\/#\/schema\/person\/6134b3eb277be2ece7e67b97cf45b047","name":"Avenida Liberdade Admin","image":{"@type":"ImageObject","inLanguage":"en-US","@id":"https:\/\/avliberdade.com\/#\/schema\/person\/image\/","url":"https:\/\/secure.gravatar.com\/avatar\/45e300488b9726158128f64f015d0e9148b850180a3704c13afb448010480f95?s=96&d=mm&r=g","contentUrl":"https:\/\/secure.gravatar.com\/avatar\/45e300488b9726158128f64f015d0e9148b850180a3704c13afb448010480f95?s=96&d=mm&r=g","caption":"Avenida Liberdade Admin"},"url":"https:\/\/avliberdade.com\/en\/author\/avenida-liberdade-admin\/"}]}},"_links":{"self":[{"href":"https:\/\/avliberdade.com\/en\/wp-json\/wp\/v2\/posts\/3182","targetHints":{"allow":["GET"]}}],"collection":[{"href":"https:\/\/avliberdade.com\/en\/wp-json\/wp\/v2\/posts"}],"about":[{"href":"https:\/\/avliberdade.com\/en\/wp-json\/wp\/v2\/types\/post"}],"author":[{"embeddable":true,"href":"https:\/\/avliberdade.com\/en\/wp-json\/wp\/v2\/users\/3"}],"replies":[{"embeddable":true,"href":"https:\/\/avliberdade.com\/en\/wp-json\/wp\/v2\/comments?post=3182"}],"version-history":[{"count":3,"href":"https:\/\/avliberdade.com\/en\/wp-json\/wp\/v2\/posts\/3182\/revisions"}],"predecessor-version":[{"id":11284,"href":"https:\/\/avliberdade.com\/en\/wp-json\/wp\/v2\/posts\/3182\/revisions\/11284"}],"wp:featuredmedia":[{"embeddable":true,"href":"https:\/\/avliberdade.com\/en\/wp-json\/wp\/v2\/media\/3186"}],"wp:attachment":[{"href":"https:\/\/avliberdade.com\/en\/wp-json\/wp\/v2\/media?parent=3182"}],"wp:term":[{"taxonomy":"category","embeddable":true,"href":"https:\/\/avliberdade.com\/en\/wp-json\/wp\/v2\/categories?post=3182"},{"taxonomy":"post_tag","embeddable":true,"href":"https:\/\/avliberdade.com\/en\/wp-json\/wp\/v2\/tags?post=3182"}],"curies":[{"name":"wp","href":"https:\/\/api.w.org\/{rel}","templated":true}]}}