

{"id":17350,"date":"2026-03-16T16:44:57","date_gmt":"2026-03-16T16:44:57","guid":{"rendered":"https:\/\/avliberdade.com\/?p=17350"},"modified":"2026-04-30T17:00:25","modified_gmt":"2026-04-30T17:00:25","slug":"um-domingo-na-avenida-o-novo-chic-nic-musical-de-lisboa-estreia-se-no-dia-da-mae","status":"publish","type":"post","link":"https:\/\/avliberdade.com\/en\/um-domingo-na-avenida-o-novo-chic-nic-musical-de-lisboa-estreia-se-no-dia-da-mae\/","title":{"rendered":"Um Domingo na Avenida: o novo Chic-Nic Musical de Lisboa estreia-se no Dia da M\u00e3e"},"content":{"rendered":"<div class=\"wpb-content-wrapper\"><p>[vc_row css_animation=&#8221;&#8221; row_type=&#8221;row&#8221; use_row_as_full_screen_section=&#8221;no&#8221; type=&#8221;grid&#8221; angled_section=&#8221;no&#8221; text_align=&#8221;left&#8221; background_image_as_pattern=&#8221;without_pattern&#8221; z_index=&#8221;&#8221;][vc_column width=&#8221;3\/4&#8243;][vc_row_inner row_type=&#8221;row&#8221; type=&#8221;full_width&#8221; text_align=&#8221;left&#8221; css_animation=&#8221;&#8221;][vc_column_inner][vc_column_text css=&#8221;&#8221; el_class=&#8221;titulo_blog&#8221;]<\/p>\n<h1 class=\"tk3\" style=\"text-align: center;\"><strong>Um Domingo na Avenida:<br \/>\no novo Chic-Nic Musical de Lisboa estreia-se no Dia da M\u00e3e<\/strong><\/h1>\n<p>[\/vc_column_text][\/vc_column_inner][\/vc_row_inner][vc_single_image image=&#8221;17353&#8243; img_size=&#8221;full&#8221; css=&#8221;&#8221; qode_css_animation=&#8221;&#8221;][vc_column_text css=&#8221;.vc_custom_1773679461057{padding-top: 20px !important;padding-bottom: 20px !important;}&#8221;]No pr\u00f3ximo 3 de maio, Dia da M\u00e3e, Lisboa recebe a primeira edi\u00e7\u00e3o de <strong>Um Domingo na Avenida<\/strong>, um novo encontro ao ar livre que transforma o Parque Eduardo VII num grande Chic-Nic Musical.<\/p>\n<p>Durante uma tarde, alguns dos restaurantes mais emblem\u00e1ticos da Avenida da Liberdade saem para o parque com os seus pratos de assinatura, enquanto concertos de <strong>David Fonseca <\/strong>seguido pela<strong> Orquestra Acad\u00e9mica Metropolitana<\/strong> criam a banda sonora de uma celebra\u00e7\u00e3o pensada para partilhar entre gera\u00e7\u00f5es.<\/p>\n<p>Criado pela LOHAD, a mesma equipa respons\u00e1vel pelo festival Chefs on Fire, e em parceria com a Associa\u00e7\u00e3o Avenida, o evento prop\u00f5e trocar o presente tradicional por uma experi\u00eancia: uma tarde de piquenique na relva com pratos de alguns dos restaurantes mais emblem\u00e1ticos da Avenida da Liberdade, concertos ao vivo e vinho para partilhar.<\/p>\n<p>O conceito \u00e9 simples: estender a toalha, abrir o cesto e aproveitar Lisboa.<\/p>\n<p>Para esta primeira edi\u00e7\u00e3o, os bilhetes est\u00e3o dispon\u00edveis em duas modalidades.<\/p>\n<p>A partir de 150\u20ac, os participantes t\u00eam acesso a um cesto de piquenique para duas pessoas com experi\u00eancia gastron\u00f3mica de 10 pratos preparados por restaurantes da Avenida da Liberdade, al\u00e9m de uma garrafa de vinho \u00e0 escolha, tinto, branco ou ros\u00e9 para acompanhar a tarde.<\/p>\n<p>Para quem quiser viver a experi\u00eancia completa, existe tamb\u00e9m a op\u00e7\u00e3o com cesto inclu\u00eddo, por 300\u20ac, que integra o mesmo percurso gastron\u00f3mico e vinho, acompanhado por um cesto de piquenique exclusivo do evento, pensado para transformar a tarde num verdadeiro <strong>Chic-Nic Musical<\/strong> no relvado do parque.<\/p>\n<p>A m\u00fasica \u00e9 outro dos protagonistas do dia. O programa conta com um concerto da Orquestra Metropolitana de Lisboa, seguido de uma atua\u00e7\u00e3o de David Fonseca, criando a banda sonora perfeita para uma tarde que se quer descontra\u00edda e memor\u00e1vel.<\/p>\n<p>Mais do que um evento gastron\u00f3mico ou musical, <strong>Um Domingo na Avenida<\/strong> nasce como um novo momento de encontro da cidade. Um espa\u00e7o onde convivem natureza, cultura, gastronomia e m\u00fasica, refletindo o esp\u00edrito contempor\u00e2neo da Avenida da Liberdade.<\/p>\n<p>Esta primeira edi\u00e7\u00e3o pretende afirmar-se como uma experi\u00eancia intimista e especial no calend\u00e1rio cultural da cidade.<\/p>\n<p>Organizado pela LOHAD em parceria com a Associa\u00e7\u00e3o Avenida, o evento conta com o apoio da Lisboa Cultura, da Turismo de Lisboa e da Visit Portugal, al\u00e9m da colabora\u00e7\u00e3o de parceiros gastron\u00f3micos e culturais que representam alguns dos nomes mais emblem\u00e1ticos da Avenida da Liberdade.<\/p>\n<p>Mais do que um almo\u00e7o, <strong>Um Domingo na Avenida<\/strong> \u00e9 um convite a celebrar Lisboa e, neste caso, tamb\u00e9m o Dia da M\u00e3e, ao ar livre, entre boa comida, m\u00fasica e uma das vistas mais bonitas da cidade.<\/p>\n<p>Bilhetes \u00e0 venda em <a href=\"https:\/\/umdomingonavenida.pt\/\">https:\/\/umdomingonavenida.pt\/<\/a> e tamb\u00e9m em <a href=\"https:\/\/3cket.com\/pt\/event\/um-domingo-na-avenida\">3cket <\/a>[\/vc_column_text][\/vc_column][vc_column width=&#8221;1\/4&#8243; css=&#8221;.vc_custom_1611306590457{padding-right: 30px !important;padding-left: 30px !important;}&#8221;][vc_widget_sidebar sidebar_id=&#8221;Sidebar Descobrir&#8221;][\/vc_column][\/vc_row][vc_row css_animation=&#8221;&#8221; row_type=&#8221;row&#8221; use_row_as_full_screen_section=&#8221;no&#8221; type=&#8221;full_width&#8221; angled_section=&#8221;no&#8221; text_align=&#8221;left&#8221; background_image_as_pattern=&#8221;without_pattern&#8221;][vc_column][\/vc_column][\/vc_row]<\/p>\n<\/div>","protected":false},"excerpt":{"rendered":"<p>No dia 3 de maio<\/p>\n","protected":false},"author":3,"featured_media":17353,"comment_status":"open","ping_status":"open","sticky":false,"template":"","format":"standard","meta":{"_acf_changed":false,"footnotes":""},"categories":[41],"tags":[],"class_list":["post-17350","post","type-post","status-publish","format-standard","has-post-thumbnail","hentry","category-new-in"],"acf":[],"yoast_head":"<!-- This site is optimized with the Yoast SEO plugin v26.7 - https:\/\/yoast.com\/wordpress\/plugins\/seo\/ -->\n<title>Um Domingo na Avenida: o novo Chic-Nic Musical de Lisboa estreia-se no Dia da M\u00e3e &#8226; Avenida da Liberdade<\/title>\n<meta name=\"description\" content=\"No dia 3 de maio\" \/>\n<meta name=\"robots\" content=\"index, follow, max-snippet:-1, max-image-preview:large, max-video-preview:-1\" \/>\n<link rel=\"canonical\" href=\"https:\/\/avliberdade.com\/en\/um-domingo-na-avenida-o-novo-chic-nic-musical-de-lisboa-estreia-se-no-dia-da-mae\/\" \/>\n<meta property=\"og:locale\" content=\"en_US\" \/>\n<meta property=\"og:type\" content=\"article\" \/>\n<meta property=\"og:title\" content=\"Um Domingo na Avenida: o novo Chic-Nic Musical de Lisboa estreia-se no Dia da M\u00e3e &#8226; Avenida da Liberdade\" \/>\n<meta property=\"og:description\" content=\"No dia 3 de maio\" \/>\n<meta property=\"og:url\" content=\"https:\/\/avliberdade.com\/en\/um-domingo-na-avenida-o-novo-chic-nic-musical-de-lisboa-estreia-se-no-dia-da-mae\/\" \/>\n<meta property=\"og:site_name\" content=\"Avenida da Liberdade\" \/>\n<meta property=\"article:publisher\" content=\"https:\/\/www.facebook.com\/avenidadliberdade\" \/>\n<meta property=\"article:published_time\" content=\"2026-03-16T16:44:57+00:00\" \/>\n<meta property=\"article:modified_time\" content=\"2026-04-30T17:00:25+00:00\" \/>\n<meta property=\"og:image\" content=\"https:\/\/avliberdade.com\/wp-content\/uploads\/2026\/03\/WhatsApp-Image-2026-03-10-at-13.08.24.jpeg\" \/>\n\t<meta property=\"og:image:width\" content=\"1081\" \/>\n\t<meta property=\"og:image:height\" content=\"1350\" \/>\n\t<meta property=\"og:image:type\" content=\"image\/jpeg\" \/>\n<meta name=\"author\" content=\"Avenida Liberdade Admin\" \/>\n<meta name=\"twitter:card\" content=\"summary_large_image\" \/>\n<meta name=\"twitter:label1\" content=\"Written by\" \/>\n\t<meta name=\"twitter:data1\" content=\"Avenida Liberdade Admin\" \/>\n\t<meta name=\"twitter:label2\" content=\"Est. reading time\" \/>\n\t<meta name=\"twitter:data2\" content=\"3 minutes\" \/>\n<script type=\"application\/ld+json\" class=\"yoast-schema-graph\">{\"@context\":\"https:\/\/schema.org\",\"@graph\":[{\"@type\":\"Article\",\"@id\":\"https:\/\/avliberdade.com\/en\/um-domingo-na-avenida-o-novo-chic-nic-musical-de-lisboa-estreia-se-no-dia-da-mae\/#article\",\"isPartOf\":{\"@id\":\"https:\/\/avliberdade.com\/en\/um-domingo-na-avenida-o-novo-chic-nic-musical-de-lisboa-estreia-se-no-dia-da-mae\/\"},\"author\":{\"name\":\"Avenida Liberdade Admin\",\"@id\":\"https:\/\/avliberdade.com\/#\/schema\/person\/6134b3eb277be2ece7e67b97cf45b047\"},\"headline\":\"Um Domingo na Avenida: o novo Chic-Nic Musical de Lisboa estreia-se no Dia da M\u00e3e\",\"datePublished\":\"2026-03-16T16:44:57+00:00\",\"dateModified\":\"2026-04-30T17:00:25+00:00\",\"mainEntityOfPage\":{\"@id\":\"https:\/\/avliberdade.com\/en\/um-domingo-na-avenida-o-novo-chic-nic-musical-de-lisboa-estreia-se-no-dia-da-mae\/\"},\"wordCount\":657,\"commentCount\":0,\"publisher\":{\"@id\":\"https:\/\/avliberdade.com\/#organization\"},\"image\":{\"@id\":\"https:\/\/avliberdade.com\/en\/um-domingo-na-avenida-o-novo-chic-nic-musical-de-lisboa-estreia-se-no-dia-da-mae\/#primaryimage\"},\"thumbnailUrl\":\"https:\/\/avliberdade.com\/wp-content\/uploads\/2026\/03\/WhatsApp-Image-2026-03-10-at-13.08.24.jpeg\",\"articleSection\":[\"NEW IN\"],\"inLanguage\":\"en-US\",\"potentialAction\":[{\"@type\":\"CommentAction\",\"name\":\"Comment\",\"target\":[\"https:\/\/avliberdade.com\/en\/um-domingo-na-avenida-o-novo-chic-nic-musical-de-lisboa-estreia-se-no-dia-da-mae\/#respond\"]}]},{\"@type\":\"WebPage\",\"@id\":\"https:\/\/avliberdade.com\/en\/um-domingo-na-avenida-o-novo-chic-nic-musical-de-lisboa-estreia-se-no-dia-da-mae\/\",\"url\":\"https:\/\/avliberdade.com\/en\/um-domingo-na-avenida-o-novo-chic-nic-musical-de-lisboa-estreia-se-no-dia-da-mae\/\",\"name\":\"Um Domingo na Avenida: o novo Chic-Nic Musical de Lisboa estreia-se no Dia da M\u00e3e &#8226; Avenida da Liberdade\",\"isPartOf\":{\"@id\":\"https:\/\/avliberdade.com\/#website\"},\"primaryImageOfPage\":{\"@id\":\"https:\/\/avliberdade.com\/en\/um-domingo-na-avenida-o-novo-chic-nic-musical-de-lisboa-estreia-se-no-dia-da-mae\/#primaryimage\"},\"image\":{\"@id\":\"https:\/\/avliberdade.com\/en\/um-domingo-na-avenida-o-novo-chic-nic-musical-de-lisboa-estreia-se-no-dia-da-mae\/#primaryimage\"},\"thumbnailUrl\":\"https:\/\/avliberdade.com\/wp-content\/uploads\/2026\/03\/WhatsApp-Image-2026-03-10-at-13.08.24.jpeg\",\"datePublished\":\"2026-03-16T16:44:57+00:00\",\"dateModified\":\"2026-04-30T17:00:25+00:00\",\"description\":\"No dia 3 de maio\",\"breadcrumb\":{\"@id\":\"https:\/\/avliberdade.com\/en\/um-domingo-na-avenida-o-novo-chic-nic-musical-de-lisboa-estreia-se-no-dia-da-mae\/#breadcrumb\"},\"inLanguage\":\"en-US\",\"potentialAction\":[{\"@type\":\"ReadAction\",\"target\":[\"https:\/\/avliberdade.com\/en\/um-domingo-na-avenida-o-novo-chic-nic-musical-de-lisboa-estreia-se-no-dia-da-mae\/\"]}]},{\"@type\":\"ImageObject\",\"inLanguage\":\"en-US\",\"@id\":\"https:\/\/avliberdade.com\/en\/um-domingo-na-avenida-o-novo-chic-nic-musical-de-lisboa-estreia-se-no-dia-da-mae\/#primaryimage\",\"url\":\"https:\/\/avliberdade.com\/wp-content\/uploads\/2026\/03\/WhatsApp-Image-2026-03-10-at-13.08.24.jpeg\",\"contentUrl\":\"https:\/\/avliberdade.com\/wp-content\/uploads\/2026\/03\/WhatsApp-Image-2026-03-10-at-13.08.24.jpeg\",\"width\":1081,\"height\":1350},{\"@type\":\"BreadcrumbList\",\"@id\":\"https:\/\/avliberdade.com\/en\/um-domingo-na-avenida-o-novo-chic-nic-musical-de-lisboa-estreia-se-no-dia-da-mae\/#breadcrumb\",\"itemListElement\":[{\"@type\":\"ListItem\",\"position\":1,\"name\":\"In\u00edcio\",\"item\":\"https:\/\/avliberdade.com\/en\/\"},{\"@type\":\"ListItem\",\"position\":2,\"name\":\"Um Domingo na Avenida: o novo Chic-Nic Musical de Lisboa estreia-se no Dia da M\u00e3e\"}]},{\"@type\":\"WebSite\",\"@id\":\"https:\/\/avliberdade.com\/#website\",\"url\":\"https:\/\/avliberdade.com\/\",\"name\":\"Avenida da Liberdade\",\"description\":\"No cora\u00e7\u00e3o de Lisboa\",\"publisher\":{\"@id\":\"https:\/\/avliberdade.com\/#organization\"},\"potentialAction\":[{\"@type\":\"SearchAction\",\"target\":{\"@type\":\"EntryPoint\",\"urlTemplate\":\"https:\/\/avliberdade.com\/?s={search_term_string}\"},\"query-input\":{\"@type\":\"PropertyValueSpecification\",\"valueRequired\":true,\"valueName\":\"search_term_string\"}}],\"inLanguage\":\"en-US\"},{\"@type\":\"Organization\",\"@id\":\"https:\/\/avliberdade.com\/#organization\",\"name\":\"Associa\u00e7\u00e3o Avenida da Liberdade\",\"url\":\"https:\/\/avliberdade.com\/\",\"logo\":{\"@type\":\"ImageObject\",\"inLanguage\":\"en-US\",\"@id\":\"https:\/\/avliberdade.com\/#\/schema\/logo\/image\/\",\"url\":\"https:\/\/avliberdade.com\/wp-content\/uploads\/2021\/02\/logo-al.jpg\",\"contentUrl\":\"https:\/\/avliberdade.com\/wp-content\/uploads\/2021\/02\/logo-al.jpg\",\"width\":1080,\"height\":1080,\"caption\":\"Associa\u00e7\u00e3o Avenida da Liberdade\"},\"image\":{\"@id\":\"https:\/\/avliberdade.com\/#\/schema\/logo\/image\/\"},\"sameAs\":[\"https:\/\/www.facebook.com\/avenidadliberdade\",\"https:\/\/www.instagram.com\/avenida.liberdade\/\"]},{\"@type\":\"Person\",\"@id\":\"https:\/\/avliberdade.com\/#\/schema\/person\/6134b3eb277be2ece7e67b97cf45b047\",\"name\":\"Avenida Liberdade Admin\",\"image\":{\"@type\":\"ImageObject\",\"inLanguage\":\"en-US\",\"@id\":\"https:\/\/avliberdade.com\/#\/schema\/person\/image\/\",\"url\":\"https:\/\/secure.gravatar.com\/avatar\/45e300488b9726158128f64f015d0e9148b850180a3704c13afb448010480f95?s=96&d=mm&r=g\",\"contentUrl\":\"https:\/\/secure.gravatar.com\/avatar\/45e300488b9726158128f64f015d0e9148b850180a3704c13afb448010480f95?s=96&d=mm&r=g\",\"caption\":\"Avenida Liberdade Admin\"},\"url\":\"https:\/\/avliberdade.com\/en\/author\/avenida-liberdade-admin\/\"}]}<\/script>\n<!-- \/ Yoast SEO plugin. -->","yoast_head_json":{"title":"Um Domingo na Avenida: o novo Chic-Nic Musical de Lisboa estreia-se no Dia da M\u00e3e &#8226; Avenida da Liberdade","description":"No dia 3 de maio","robots":{"index":"index","follow":"follow","max-snippet":"max-snippet:-1","max-image-preview":"max-image-preview:large","max-video-preview":"max-video-preview:-1"},"canonical":"https:\/\/avliberdade.com\/en\/um-domingo-na-avenida-o-novo-chic-nic-musical-de-lisboa-estreia-se-no-dia-da-mae\/","og_locale":"en_US","og_type":"article","og_title":"Um Domingo na Avenida: o novo Chic-Nic Musical de Lisboa estreia-se no Dia da M\u00e3e &#8226; Avenida da Liberdade","og_description":"No dia 3 de maio","og_url":"https:\/\/avliberdade.com\/en\/um-domingo-na-avenida-o-novo-chic-nic-musical-de-lisboa-estreia-se-no-dia-da-mae\/","og_site_name":"Avenida da Liberdade","article_publisher":"https:\/\/www.facebook.com\/avenidadliberdade","article_published_time":"2026-03-16T16:44:57+00:00","article_modified_time":"2026-04-30T17:00:25+00:00","og_image":[{"width":1081,"height":1350,"url":"https:\/\/avliberdade.com\/wp-content\/uploads\/2026\/03\/WhatsApp-Image-2026-03-10-at-13.08.24.jpeg","type":"image\/jpeg"}],"author":"Avenida Liberdade Admin","twitter_card":"summary_large_image","twitter_misc":{"Written by":"Avenida Liberdade Admin","Est. reading time":"3 minutes"},"schema":{"@context":"https:\/\/schema.org","@graph":[{"@type":"Article","@id":"https:\/\/avliberdade.com\/en\/um-domingo-na-avenida-o-novo-chic-nic-musical-de-lisboa-estreia-se-no-dia-da-mae\/#article","isPartOf":{"@id":"https:\/\/avliberdade.com\/en\/um-domingo-na-avenida-o-novo-chic-nic-musical-de-lisboa-estreia-se-no-dia-da-mae\/"},"author":{"name":"Avenida Liberdade Admin","@id":"https:\/\/avliberdade.com\/#\/schema\/person\/6134b3eb277be2ece7e67b97cf45b047"},"headline":"Um Domingo na Avenida: o novo Chic-Nic Musical de Lisboa estreia-se no Dia da M\u00e3e","datePublished":"2026-03-16T16:44:57+00:00","dateModified":"2026-04-30T17:00:25+00:00","mainEntityOfPage":{"@id":"https:\/\/avliberdade.com\/en\/um-domingo-na-avenida-o-novo-chic-nic-musical-de-lisboa-estreia-se-no-dia-da-mae\/"},"wordCount":657,"commentCount":0,"publisher":{"@id":"https:\/\/avliberdade.com\/#organization"},"image":{"@id":"https:\/\/avliberdade.com\/en\/um-domingo-na-avenida-o-novo-chic-nic-musical-de-lisboa-estreia-se-no-dia-da-mae\/#primaryimage"},"thumbnailUrl":"https:\/\/avliberdade.com\/wp-content\/uploads\/2026\/03\/WhatsApp-Image-2026-03-10-at-13.08.24.jpeg","articleSection":["NEW IN"],"inLanguage":"en-US","potentialAction":[{"@type":"CommentAction","name":"Comment","target":["https:\/\/avliberdade.com\/en\/um-domingo-na-avenida-o-novo-chic-nic-musical-de-lisboa-estreia-se-no-dia-da-mae\/#respond"]}]},{"@type":"WebPage","@id":"https:\/\/avliberdade.com\/en\/um-domingo-na-avenida-o-novo-chic-nic-musical-de-lisboa-estreia-se-no-dia-da-mae\/","url":"https:\/\/avliberdade.com\/en\/um-domingo-na-avenida-o-novo-chic-nic-musical-de-lisboa-estreia-se-no-dia-da-mae\/","name":"Um Domingo na Avenida: o novo Chic-Nic Musical de Lisboa estreia-se no Dia da M\u00e3e &#8226; Avenida da Liberdade","isPartOf":{"@id":"https:\/\/avliberdade.com\/#website"},"primaryImageOfPage":{"@id":"https:\/\/avliberdade.com\/en\/um-domingo-na-avenida-o-novo-chic-nic-musical-de-lisboa-estreia-se-no-dia-da-mae\/#primaryimage"},"image":{"@id":"https:\/\/avliberdade.com\/en\/um-domingo-na-avenida-o-novo-chic-nic-musical-de-lisboa-estreia-se-no-dia-da-mae\/#primaryimage"},"thumbnailUrl":"https:\/\/avliberdade.com\/wp-content\/uploads\/2026\/03\/WhatsApp-Image-2026-03-10-at-13.08.24.jpeg","datePublished":"2026-03-16T16:44:57+00:00","dateModified":"2026-04-30T17:00:25+00:00","description":"No dia 3 de maio","breadcrumb":{"@id":"https:\/\/avliberdade.com\/en\/um-domingo-na-avenida-o-novo-chic-nic-musical-de-lisboa-estreia-se-no-dia-da-mae\/#breadcrumb"},"inLanguage":"en-US","potentialAction":[{"@type":"ReadAction","target":["https:\/\/avliberdade.com\/en\/um-domingo-na-avenida-o-novo-chic-nic-musical-de-lisboa-estreia-se-no-dia-da-mae\/"]}]},{"@type":"ImageObject","inLanguage":"en-US","@id":"https:\/\/avliberdade.com\/en\/um-domingo-na-avenida-o-novo-chic-nic-musical-de-lisboa-estreia-se-no-dia-da-mae\/#primaryimage","url":"https:\/\/avliberdade.com\/wp-content\/uploads\/2026\/03\/WhatsApp-Image-2026-03-10-at-13.08.24.jpeg","contentUrl":"https:\/\/avliberdade.com\/wp-content\/uploads\/2026\/03\/WhatsApp-Image-2026-03-10-at-13.08.24.jpeg","width":1081,"height":1350},{"@type":"BreadcrumbList","@id":"https:\/\/avliberdade.com\/en\/um-domingo-na-avenida-o-novo-chic-nic-musical-de-lisboa-estreia-se-no-dia-da-mae\/#breadcrumb","itemListElement":[{"@type":"ListItem","position":1,"name":"In\u00edcio","item":"https:\/\/avliberdade.com\/en\/"},{"@type":"ListItem","position":2,"name":"Um Domingo na Avenida: o novo Chic-Nic Musical de Lisboa estreia-se no Dia da M\u00e3e"}]},{"@type":"WebSite","@id":"https:\/\/avliberdade.com\/#website","url":"https:\/\/avliberdade.com\/","name":"Avenida da Liberdade","description":"No cora\u00e7\u00e3o de Lisboa","publisher":{"@id":"https:\/\/avliberdade.com\/#organization"},"potentialAction":[{"@type":"SearchAction","target":{"@type":"EntryPoint","urlTemplate":"https:\/\/avliberdade.com\/?s={search_term_string}"},"query-input":{"@type":"PropertyValueSpecification","valueRequired":true,"valueName":"search_term_string"}}],"inLanguage":"en-US"},{"@type":"Organization","@id":"https:\/\/avliberdade.com\/#organization","name":"Associa\u00e7\u00e3o Avenida da Liberdade","url":"https:\/\/avliberdade.com\/","logo":{"@type":"ImageObject","inLanguage":"en-US","@id":"https:\/\/avliberdade.com\/#\/schema\/logo\/image\/","url":"https:\/\/avliberdade.com\/wp-content\/uploads\/2021\/02\/logo-al.jpg","contentUrl":"https:\/\/avliberdade.com\/wp-content\/uploads\/2021\/02\/logo-al.jpg","width":1080,"height":1080,"caption":"Associa\u00e7\u00e3o Avenida da Liberdade"},"image":{"@id":"https:\/\/avliberdade.com\/#\/schema\/logo\/image\/"},"sameAs":["https:\/\/www.facebook.com\/avenidadliberdade","https:\/\/www.instagram.com\/avenida.liberdade\/"]},{"@type":"Person","@id":"https:\/\/avliberdade.com\/#\/schema\/person\/6134b3eb277be2ece7e67b97cf45b047","name":"Avenida Liberdade Admin","image":{"@type":"ImageObject","inLanguage":"en-US","@id":"https:\/\/avliberdade.com\/#\/schema\/person\/image\/","url":"https:\/\/secure.gravatar.com\/avatar\/45e300488b9726158128f64f015d0e9148b850180a3704c13afb448010480f95?s=96&d=mm&r=g","contentUrl":"https:\/\/secure.gravatar.com\/avatar\/45e300488b9726158128f64f015d0e9148b850180a3704c13afb448010480f95?s=96&d=mm&r=g","caption":"Avenida Liberdade Admin"},"url":"https:\/\/avliberdade.com\/en\/author\/avenida-liberdade-admin\/"}]}},"_links":{"self":[{"href":"https:\/\/avliberdade.com\/en\/wp-json\/wp\/v2\/posts\/17350","targetHints":{"allow":["GET"]}}],"collection":[{"href":"https:\/\/avliberdade.com\/en\/wp-json\/wp\/v2\/posts"}],"about":[{"href":"https:\/\/avliberdade.com\/en\/wp-json\/wp\/v2\/types\/post"}],"author":[{"embeddable":true,"href":"https:\/\/avliberdade.com\/en\/wp-json\/wp\/v2\/users\/3"}],"replies":[{"embeddable":true,"href":"https:\/\/avliberdade.com\/en\/wp-json\/wp\/v2\/comments?post=17350"}],"version-history":[{"count":6,"href":"https:\/\/avliberdade.com\/en\/wp-json\/wp\/v2\/posts\/17350\/revisions"}],"predecessor-version":[{"id":17713,"href":"https:\/\/avliberdade.com\/en\/wp-json\/wp\/v2\/posts\/17350\/revisions\/17713"}],"wp:featuredmedia":[{"embeddable":true,"href":"https:\/\/avliberdade.com\/en\/wp-json\/wp\/v2\/media\/17353"}],"wp:attachment":[{"href":"https:\/\/avliberdade.com\/en\/wp-json\/wp\/v2\/media?parent=17350"}],"wp:term":[{"taxonomy":"category","embeddable":true,"href":"https:\/\/avliberdade.com\/en\/wp-json\/wp\/v2\/categories?post=17350"},{"taxonomy":"post_tag","embeddable":true,"href":"https:\/\/avliberdade.com\/en\/wp-json\/wp\/v2\/tags?post=17350"}],"curies":[{"name":"wp","href":"https:\/\/api.w.org\/{rel}","templated":true}]}}