

{"id":16910,"date":"2026-01-22T18:13:38","date_gmt":"2026-01-22T18:13:38","guid":{"rendered":"https:\/\/avliberdade.com\/?p=16910"},"modified":"2026-02-06T10:56:04","modified_gmt":"2026-02-06T10:56:04","slug":"find-out-about-the-coliseu-dos-recreios","status":"publish","type":"post","link":"https:\/\/avliberdade.com\/en\/find-out-about-the-coliseu-dos-recreios\/","title":{"rendered":"FIND OUT ABOUT THE COLISEU DOS RECREIOS"},"content":{"rendered":"<div class=\"wpb-content-wrapper\"><p>[vc_row css_animation=&#8221;&#8221; row_type=&#8221;row&#8221; use_row_as_full_screen_section=&#8221;no&#8221; type=&#8221;grid&#8221; angled_section=&#8221;no&#8221; text_align=&#8221;left&#8221; background_image_as_pattern=&#8221;without_pattern&#8221; z_index=&#8221;&#8221;][vc_column width=&#8221;3\/4&#8243;][vc_row_inner row_type=&#8221;row&#8221; type=&#8221;full_width&#8221; text_align=&#8221;left&#8221; css_animation=&#8221;&#8221;][vc_column_inner][vc_column_text css=&#8221;&#8221; el_class=&#8221;titulo_blog&#8221;]<\/p>\n<h1 class=\"tk3\" style=\"text-align: center;\"><strong>FIND OUT ABOUT THE COLISEU DOS RECREIOS<\/strong><\/h1>\n<p>[\/vc_column_text][\/vc_column_inner][\/vc_row_inner][vc_single_image image=&#8221;16913&#8243; img_size=&#8221;full&#8221; css=&#8221;&#8221; qode_css_animation=&#8221;&#8221;][vc_column_text css=&#8221;.vc_custom_1770375359170{padding-top: 20px !important;padding-bottom: 20px !important;}&#8221;]The Coliseu dos Recreios was opened on August 14, 1890, with the operetta<br \/>\nBoccaccio by Franz von Supp\u00e9, a Croatian composer of the Romantic period. The<br \/>\nperformance was attended by Infante Dom Afonso of Braganza, brother of King Carlos<br \/>\nI. The building, designed in the shape of a nonagon, features an iron dome with a 25<br \/>\nmeter radius, manufactured in Germany.[\/vc_column_text][vc_gallery interval=&#8221;3&#8243; images=&#8221;16918,16920&#8243; img_size=&#8221;full&#8221; css=&#8221;&#8221;][vc_column_text css=&#8221;.vc_custom_1769105588222{padding-top: 20px !important;padding-bottom: 20px !important;}&#8221;]From 1923 onward, Ricardo Cov\u00f5es revitalized the Coliseu dos Recreios, transforming<br \/>\nit into a venue with a broader cultural offering. Its program came to include revue shows,<br \/>\nskating, boxing matches, opera, theatre, ballet, circus performances, masked balls, and<br \/>\nmany other events, all under a pricing policy aimed at making culture accessible to the<br \/>\ngeneral public.<br \/>\nOne of the decisive moments in its recent history occurred in 1994, the year it was<br \/>\nchosen as Lisbon\u2019s premier performance venue. On February 26 of that year, a renewed<br \/>\nColiseu was unveiled to the city as part of the \u201cLisboa 94\u201d program.[\/vc_column_text][vc_gallery interval=&#8221;3&#8243; images=&#8221;16922,16924&#8243; img_size=&#8221;full&#8221; css=&#8221;&#8221;][vc_column_text css=&#8221;.vc_custom_1769105609774{padding-top: 20px !important;padding-bottom: 20px !important;}&#8221;]The Coliseu dos Recreios has hosted major circus companies, grand Carnival<br \/>\ncelebrations, and outstanding performances by artists such as Prince, Madonna,<br \/>\nconductor Georg Solti, Luciano Pavarotti, Ces\u00e1ria \u00c9vora, Bryan Adams, Am\u00e1lia<br \/>\nRodrigues, Chico Buarque, Caetano Veloso, among many other distinguished names<br \/>\nwho have honored this venue.<\/p>\n<p>The Coliseu dos Recreios has always been a multifaceted performance space which,<br \/>\nover time, has successfully adapted to contemporary demands without losing its<br \/>\nhistorical essence. In addition to its iconic main hall, since 2025 the Coliseu has also<br \/>\nincluded a new venue, the Coliseu Club, dedicated to concerts and more intimate<br \/>\nperformances, further enhancing the diversity of its programming.[\/vc_column_text][vc_gallery interval=&#8221;3&#8243; images=&#8221;16926,16928,16930,16932&#8243; img_size=&#8221;full&#8221; css=&#8221;&#8221;][vc_column_text css=&#8221;.vc_custom_1769104942499{padding-top: 20px !important;padding-bottom: 20px !important;}&#8221;]Saiba mais em <a href=\"https:\/\/coliseulisboa.com\/\">coliseulisboa.com<\/a><\/p>\n<p>Agenda Coliseu: <a href=\"https:\/\/linktr.ee\/coliseudosrecreios\">https:\/\/linktr.ee\/coliseudosrecreios<\/a><\/p>\n<p>[\/vc_column_text][\/vc_column][vc_column width=&#8221;1\/4&#8243; css=&#8221;.vc_custom_1611306590457{padding-right: 30px !important;padding-left: 30px !important;}&#8221;][vc_widget_sidebar sidebar_id=&#8221;Sidebar Descobrir&#8221;][\/vc_column][\/vc_row][vc_row css_animation=&#8221;&#8221; row_type=&#8221;row&#8221; use_row_as_full_screen_section=&#8221;no&#8221; type=&#8221;full_width&#8221; angled_section=&#8221;no&#8221; text_align=&#8221;left&#8221; background_image_as_pattern=&#8221;without_pattern&#8221;][vc_column][\/vc_column][\/vc_row]<\/p>\n<\/div>","protected":false},"excerpt":{"rendered":"<p>An iconic concert hall with 136 years of history<\/p>\n","protected":false},"author":3,"featured_media":16913,"comment_status":"open","ping_status":"open","sticky":false,"template":"","format":"standard","meta":{"_acf_changed":false,"footnotes":""},"categories":[40,38],"tags":[],"class_list":["post-16910","post","type-post","status-publish","format-standard","has-post-thumbnail","hentry","category-discover","category-discover-highlight"],"acf":[],"yoast_head":"<!-- This site is optimized with the Yoast SEO plugin v26.7 - https:\/\/yoast.com\/wordpress\/plugins\/seo\/ -->\n<title>FIND OUT ABOUT THE COLISEU DOS RECREIOS &#8226; Avenida da Liberdade<\/title>\n<meta name=\"description\" content=\"An iconic concert hall with 136 years of history\" \/>\n<meta name=\"robots\" content=\"index, follow, max-snippet:-1, max-image-preview:large, max-video-preview:-1\" \/>\n<link rel=\"canonical\" href=\"https:\/\/avliberdade.com\/en\/find-out-about-the-coliseu-dos-recreios\/\" \/>\n<meta property=\"og:locale\" content=\"en_US\" \/>\n<meta property=\"og:type\" content=\"article\" \/>\n<meta property=\"og:title\" content=\"FIND OUT ABOUT THE COLISEU DOS RECREIOS &#8226; Avenida da Liberdade\" \/>\n<meta property=\"og:description\" content=\"An iconic concert hall with 136 years of history\" \/>\n<meta property=\"og:url\" content=\"https:\/\/avliberdade.com\/en\/find-out-about-the-coliseu-dos-recreios\/\" \/>\n<meta property=\"og:site_name\" content=\"Avenida da Liberdade\" \/>\n<meta property=\"article:publisher\" content=\"https:\/\/www.facebook.com\/avenidadliberdade\" \/>\n<meta property=\"article:published_time\" content=\"2026-01-22T18:13:38+00:00\" \/>\n<meta property=\"article:modified_time\" content=\"2026-02-06T10:56:04+00:00\" \/>\n<meta property=\"og:image\" content=\"https:\/\/avliberdade.com\/wp-content\/uploads\/2026\/01\/33.jpg\" \/>\n\t<meta property=\"og:image:width\" content=\"1000\" \/>\n\t<meta property=\"og:image:height\" content=\"666\" \/>\n\t<meta property=\"og:image:type\" content=\"image\/jpeg\" \/>\n<meta name=\"author\" content=\"Avenida Liberdade Admin\" \/>\n<meta name=\"twitter:card\" content=\"summary_large_image\" \/>\n<meta name=\"twitter:label1\" content=\"Written by\" \/>\n\t<meta name=\"twitter:data1\" content=\"Avenida Liberdade Admin\" \/>\n\t<meta name=\"twitter:label2\" content=\"Est. reading time\" \/>\n\t<meta name=\"twitter:data2\" content=\"3 minutes\" \/>\n<script type=\"application\/ld+json\" class=\"yoast-schema-graph\">{\"@context\":\"https:\/\/schema.org\",\"@graph\":[{\"@type\":\"Article\",\"@id\":\"https:\/\/avliberdade.com\/en\/find-out-about-the-coliseu-dos-recreios\/#article\",\"isPartOf\":{\"@id\":\"https:\/\/avliberdade.com\/en\/find-out-about-the-coliseu-dos-recreios\/\"},\"author\":{\"name\":\"Avenida Liberdade Admin\",\"@id\":\"https:\/\/avliberdade.com\/#\/schema\/person\/6134b3eb277be2ece7e67b97cf45b047\"},\"headline\":\"FIND OUT ABOUT THE COLISEU DOS RECREIOS\",\"datePublished\":\"2026-01-22T18:13:38+00:00\",\"dateModified\":\"2026-02-06T10:56:04+00:00\",\"mainEntityOfPage\":{\"@id\":\"https:\/\/avliberdade.com\/en\/find-out-about-the-coliseu-dos-recreios\/\"},\"wordCount\":507,\"commentCount\":0,\"publisher\":{\"@id\":\"https:\/\/avliberdade.com\/#organization\"},\"image\":{\"@id\":\"https:\/\/avliberdade.com\/en\/find-out-about-the-coliseu-dos-recreios\/#primaryimage\"},\"thumbnailUrl\":\"https:\/\/avliberdade.com\/wp-content\/uploads\/2026\/01\/33.jpg\",\"articleSection\":[\"DISCOVER\",\"DISCOVER HIGHLIGHT\"],\"inLanguage\":\"en-US\",\"potentialAction\":[{\"@type\":\"CommentAction\",\"name\":\"Comment\",\"target\":[\"https:\/\/avliberdade.com\/en\/find-out-about-the-coliseu-dos-recreios\/#respond\"]}]},{\"@type\":\"WebPage\",\"@id\":\"https:\/\/avliberdade.com\/en\/find-out-about-the-coliseu-dos-recreios\/\",\"url\":\"https:\/\/avliberdade.com\/en\/find-out-about-the-coliseu-dos-recreios\/\",\"name\":\"FIND OUT ABOUT THE COLISEU DOS RECREIOS &#8226; Avenida da Liberdade\",\"isPartOf\":{\"@id\":\"https:\/\/avliberdade.com\/#website\"},\"primaryImageOfPage\":{\"@id\":\"https:\/\/avliberdade.com\/en\/find-out-about-the-coliseu-dos-recreios\/#primaryimage\"},\"image\":{\"@id\":\"https:\/\/avliberdade.com\/en\/find-out-about-the-coliseu-dos-recreios\/#primaryimage\"},\"thumbnailUrl\":\"https:\/\/avliberdade.com\/wp-content\/uploads\/2026\/01\/33.jpg\",\"datePublished\":\"2026-01-22T18:13:38+00:00\",\"dateModified\":\"2026-02-06T10:56:04+00:00\",\"description\":\"An iconic concert hall with 136 years of history\",\"breadcrumb\":{\"@id\":\"https:\/\/avliberdade.com\/en\/find-out-about-the-coliseu-dos-recreios\/#breadcrumb\"},\"inLanguage\":\"en-US\",\"potentialAction\":[{\"@type\":\"ReadAction\",\"target\":[\"https:\/\/avliberdade.com\/en\/find-out-about-the-coliseu-dos-recreios\/\"]}]},{\"@type\":\"ImageObject\",\"inLanguage\":\"en-US\",\"@id\":\"https:\/\/avliberdade.com\/en\/find-out-about-the-coliseu-dos-recreios\/#primaryimage\",\"url\":\"https:\/\/avliberdade.com\/wp-content\/uploads\/2026\/01\/33.jpg\",\"contentUrl\":\"https:\/\/avliberdade.com\/wp-content\/uploads\/2026\/01\/33.jpg\",\"width\":1000,\"height\":666},{\"@type\":\"BreadcrumbList\",\"@id\":\"https:\/\/avliberdade.com\/en\/find-out-about-the-coliseu-dos-recreios\/#breadcrumb\",\"itemListElement\":[{\"@type\":\"ListItem\",\"position\":1,\"name\":\"In\u00edcio\",\"item\":\"https:\/\/avliberdade.com\/en\/\"},{\"@type\":\"ListItem\",\"position\":2,\"name\":\"FIND OUT ABOUT THE COLISEU DOS RECREIOS\"}]},{\"@type\":\"WebSite\",\"@id\":\"https:\/\/avliberdade.com\/#website\",\"url\":\"https:\/\/avliberdade.com\/\",\"name\":\"Avenida da Liberdade\",\"description\":\"No cora\u00e7\u00e3o de Lisboa\",\"publisher\":{\"@id\":\"https:\/\/avliberdade.com\/#organization\"},\"potentialAction\":[{\"@type\":\"SearchAction\",\"target\":{\"@type\":\"EntryPoint\",\"urlTemplate\":\"https:\/\/avliberdade.com\/?s={search_term_string}\"},\"query-input\":{\"@type\":\"PropertyValueSpecification\",\"valueRequired\":true,\"valueName\":\"search_term_string\"}}],\"inLanguage\":\"en-US\"},{\"@type\":\"Organization\",\"@id\":\"https:\/\/avliberdade.com\/#organization\",\"name\":\"Associa\u00e7\u00e3o Avenida da Liberdade\",\"url\":\"https:\/\/avliberdade.com\/\",\"logo\":{\"@type\":\"ImageObject\",\"inLanguage\":\"en-US\",\"@id\":\"https:\/\/avliberdade.com\/#\/schema\/logo\/image\/\",\"url\":\"https:\/\/avliberdade.com\/wp-content\/uploads\/2021\/02\/logo-al.jpg\",\"contentUrl\":\"https:\/\/avliberdade.com\/wp-content\/uploads\/2021\/02\/logo-al.jpg\",\"width\":1080,\"height\":1080,\"caption\":\"Associa\u00e7\u00e3o Avenida da Liberdade\"},\"image\":{\"@id\":\"https:\/\/avliberdade.com\/#\/schema\/logo\/image\/\"},\"sameAs\":[\"https:\/\/www.facebook.com\/avenidadliberdade\",\"https:\/\/www.instagram.com\/avenida.liberdade\/\"]},{\"@type\":\"Person\",\"@id\":\"https:\/\/avliberdade.com\/#\/schema\/person\/6134b3eb277be2ece7e67b97cf45b047\",\"name\":\"Avenida Liberdade Admin\",\"image\":{\"@type\":\"ImageObject\",\"inLanguage\":\"en-US\",\"@id\":\"https:\/\/avliberdade.com\/#\/schema\/person\/image\/\",\"url\":\"https:\/\/secure.gravatar.com\/avatar\/45e300488b9726158128f64f015d0e9148b850180a3704c13afb448010480f95?s=96&d=mm&r=g\",\"contentUrl\":\"https:\/\/secure.gravatar.com\/avatar\/45e300488b9726158128f64f015d0e9148b850180a3704c13afb448010480f95?s=96&d=mm&r=g\",\"caption\":\"Avenida Liberdade Admin\"},\"url\":\"https:\/\/avliberdade.com\/en\/author\/avenida-liberdade-admin\/\"}]}<\/script>\n<!-- \/ Yoast SEO plugin. -->","yoast_head_json":{"title":"FIND OUT ABOUT THE COLISEU DOS RECREIOS &#8226; Avenida da Liberdade","description":"An iconic concert hall with 136 years of history","robots":{"index":"index","follow":"follow","max-snippet":"max-snippet:-1","max-image-preview":"max-image-preview:large","max-video-preview":"max-video-preview:-1"},"canonical":"https:\/\/avliberdade.com\/en\/find-out-about-the-coliseu-dos-recreios\/","og_locale":"en_US","og_type":"article","og_title":"FIND OUT ABOUT THE COLISEU DOS RECREIOS &#8226; Avenida da Liberdade","og_description":"An iconic concert hall with 136 years of history","og_url":"https:\/\/avliberdade.com\/en\/find-out-about-the-coliseu-dos-recreios\/","og_site_name":"Avenida da Liberdade","article_publisher":"https:\/\/www.facebook.com\/avenidadliberdade","article_published_time":"2026-01-22T18:13:38+00:00","article_modified_time":"2026-02-06T10:56:04+00:00","og_image":[{"width":1000,"height":666,"url":"https:\/\/avliberdade.com\/wp-content\/uploads\/2026\/01\/33.jpg","type":"image\/jpeg"}],"author":"Avenida Liberdade Admin","twitter_card":"summary_large_image","twitter_misc":{"Written by":"Avenida Liberdade Admin","Est. reading time":"3 minutes"},"schema":{"@context":"https:\/\/schema.org","@graph":[{"@type":"Article","@id":"https:\/\/avliberdade.com\/en\/find-out-about-the-coliseu-dos-recreios\/#article","isPartOf":{"@id":"https:\/\/avliberdade.com\/en\/find-out-about-the-coliseu-dos-recreios\/"},"author":{"name":"Avenida Liberdade Admin","@id":"https:\/\/avliberdade.com\/#\/schema\/person\/6134b3eb277be2ece7e67b97cf45b047"},"headline":"FIND OUT ABOUT THE COLISEU DOS RECREIOS","datePublished":"2026-01-22T18:13:38+00:00","dateModified":"2026-02-06T10:56:04+00:00","mainEntityOfPage":{"@id":"https:\/\/avliberdade.com\/en\/find-out-about-the-coliseu-dos-recreios\/"},"wordCount":507,"commentCount":0,"publisher":{"@id":"https:\/\/avliberdade.com\/#organization"},"image":{"@id":"https:\/\/avliberdade.com\/en\/find-out-about-the-coliseu-dos-recreios\/#primaryimage"},"thumbnailUrl":"https:\/\/avliberdade.com\/wp-content\/uploads\/2026\/01\/33.jpg","articleSection":["DISCOVER","DISCOVER HIGHLIGHT"],"inLanguage":"en-US","potentialAction":[{"@type":"CommentAction","name":"Comment","target":["https:\/\/avliberdade.com\/en\/find-out-about-the-coliseu-dos-recreios\/#respond"]}]},{"@type":"WebPage","@id":"https:\/\/avliberdade.com\/en\/find-out-about-the-coliseu-dos-recreios\/","url":"https:\/\/avliberdade.com\/en\/find-out-about-the-coliseu-dos-recreios\/","name":"FIND OUT ABOUT THE COLISEU DOS RECREIOS &#8226; Avenida da Liberdade","isPartOf":{"@id":"https:\/\/avliberdade.com\/#website"},"primaryImageOfPage":{"@id":"https:\/\/avliberdade.com\/en\/find-out-about-the-coliseu-dos-recreios\/#primaryimage"},"image":{"@id":"https:\/\/avliberdade.com\/en\/find-out-about-the-coliseu-dos-recreios\/#primaryimage"},"thumbnailUrl":"https:\/\/avliberdade.com\/wp-content\/uploads\/2026\/01\/33.jpg","datePublished":"2026-01-22T18:13:38+00:00","dateModified":"2026-02-06T10:56:04+00:00","description":"An iconic concert hall with 136 years of history","breadcrumb":{"@id":"https:\/\/avliberdade.com\/en\/find-out-about-the-coliseu-dos-recreios\/#breadcrumb"},"inLanguage":"en-US","potentialAction":[{"@type":"ReadAction","target":["https:\/\/avliberdade.com\/en\/find-out-about-the-coliseu-dos-recreios\/"]}]},{"@type":"ImageObject","inLanguage":"en-US","@id":"https:\/\/avliberdade.com\/en\/find-out-about-the-coliseu-dos-recreios\/#primaryimage","url":"https:\/\/avliberdade.com\/wp-content\/uploads\/2026\/01\/33.jpg","contentUrl":"https:\/\/avliberdade.com\/wp-content\/uploads\/2026\/01\/33.jpg","width":1000,"height":666},{"@type":"BreadcrumbList","@id":"https:\/\/avliberdade.com\/en\/find-out-about-the-coliseu-dos-recreios\/#breadcrumb","itemListElement":[{"@type":"ListItem","position":1,"name":"In\u00edcio","item":"https:\/\/avliberdade.com\/en\/"},{"@type":"ListItem","position":2,"name":"FIND OUT ABOUT THE COLISEU DOS RECREIOS"}]},{"@type":"WebSite","@id":"https:\/\/avliberdade.com\/#website","url":"https:\/\/avliberdade.com\/","name":"Avenida da Liberdade","description":"No cora\u00e7\u00e3o de Lisboa","publisher":{"@id":"https:\/\/avliberdade.com\/#organization"},"potentialAction":[{"@type":"SearchAction","target":{"@type":"EntryPoint","urlTemplate":"https:\/\/avliberdade.com\/?s={search_term_string}"},"query-input":{"@type":"PropertyValueSpecification","valueRequired":true,"valueName":"search_term_string"}}],"inLanguage":"en-US"},{"@type":"Organization","@id":"https:\/\/avliberdade.com\/#organization","name":"Associa\u00e7\u00e3o Avenida da Liberdade","url":"https:\/\/avliberdade.com\/","logo":{"@type":"ImageObject","inLanguage":"en-US","@id":"https:\/\/avliberdade.com\/#\/schema\/logo\/image\/","url":"https:\/\/avliberdade.com\/wp-content\/uploads\/2021\/02\/logo-al.jpg","contentUrl":"https:\/\/avliberdade.com\/wp-content\/uploads\/2021\/02\/logo-al.jpg","width":1080,"height":1080,"caption":"Associa\u00e7\u00e3o Avenida da Liberdade"},"image":{"@id":"https:\/\/avliberdade.com\/#\/schema\/logo\/image\/"},"sameAs":["https:\/\/www.facebook.com\/avenidadliberdade","https:\/\/www.instagram.com\/avenida.liberdade\/"]},{"@type":"Person","@id":"https:\/\/avliberdade.com\/#\/schema\/person\/6134b3eb277be2ece7e67b97cf45b047","name":"Avenida Liberdade Admin","image":{"@type":"ImageObject","inLanguage":"en-US","@id":"https:\/\/avliberdade.com\/#\/schema\/person\/image\/","url":"https:\/\/secure.gravatar.com\/avatar\/45e300488b9726158128f64f015d0e9148b850180a3704c13afb448010480f95?s=96&d=mm&r=g","contentUrl":"https:\/\/secure.gravatar.com\/avatar\/45e300488b9726158128f64f015d0e9148b850180a3704c13afb448010480f95?s=96&d=mm&r=g","caption":"Avenida Liberdade Admin"},"url":"https:\/\/avliberdade.com\/en\/author\/avenida-liberdade-admin\/"}]}},"_links":{"self":[{"href":"https:\/\/avliberdade.com\/en\/wp-json\/wp\/v2\/posts\/16910","targetHints":{"allow":["GET"]}}],"collection":[{"href":"https:\/\/avliberdade.com\/en\/wp-json\/wp\/v2\/posts"}],"about":[{"href":"https:\/\/avliberdade.com\/en\/wp-json\/wp\/v2\/types\/post"}],"author":[{"embeddable":true,"href":"https:\/\/avliberdade.com\/en\/wp-json\/wp\/v2\/users\/3"}],"replies":[{"embeddable":true,"href":"https:\/\/avliberdade.com\/en\/wp-json\/wp\/v2\/comments?post=16910"}],"version-history":[{"count":6,"href":"https:\/\/avliberdade.com\/en\/wp-json\/wp\/v2\/posts\/16910\/revisions"}],"predecessor-version":[{"id":17063,"href":"https:\/\/avliberdade.com\/en\/wp-json\/wp\/v2\/posts\/16910\/revisions\/17063"}],"wp:featuredmedia":[{"embeddable":true,"href":"https:\/\/avliberdade.com\/en\/wp-json\/wp\/v2\/media\/16913"}],"wp:attachment":[{"href":"https:\/\/avliberdade.com\/en\/wp-json\/wp\/v2\/media?parent=16910"}],"wp:term":[{"taxonomy":"category","embeddable":true,"href":"https:\/\/avliberdade.com\/en\/wp-json\/wp\/v2\/categories?post=16910"},{"taxonomy":"post_tag","embeddable":true,"href":"https:\/\/avliberdade.com\/en\/wp-json\/wp\/v2\/tags?post=16910"}],"curies":[{"name":"wp","href":"https:\/\/api.w.org\/{rel}","templated":true}]}}