

{"id":16739,"date":"2025-12-09T15:45:14","date_gmt":"2025-12-09T15:45:14","guid":{"rendered":"https:\/\/avliberdade.com\/?p=16739"},"modified":"2025-12-09T15:45:15","modified_gmt":"2025-12-09T15:45:15","slug":"com-um-compromisso-coletivo-e-uma-visao-comum-e-possivel-erradicar-as-situacoes-de-sem-abrigo","status":"publish","type":"post","link":"https:\/\/avliberdade.com\/en\/com-um-compromisso-coletivo-e-uma-visao-comum-e-possivel-erradicar-as-situacoes-de-sem-abrigo\/","title":{"rendered":"With a collective commitment and a shared vision, it is possible to eradicate homelessness."},"content":{"rendered":"<div class=\"wpb-content-wrapper\"><p>[vc_row css_animation=&#8221;&#8221; row_type=&#8221;row&#8221; use_row_as_full_screen_section=&#8221;no&#8221; type=&#8221;grid&#8221; angled_section=&#8221;no&#8221; text_align=&#8221;left&#8221; background_image_as_pattern=&#8221;without_pattern&#8221; z_index=&#8221;&#8221;][vc_column width=&#8221;3\/4&#8243;][vc_row_inner row_type=&#8221;row&#8221; type=&#8221;full_width&#8221; text_align=&#8221;left&#8221; css_animation=&#8221;&#8221;][vc_column_inner][vc_column_text css=&#8221;&#8221; el_class=&#8221;titulo_blog&#8221;]<\/p>\n<h1 class=\"tk3\" style=\"text-align: center;\"><strong>With a collective commitment and a shared vision, it is possible to eradicate homelessness.<\/strong><\/h1>\n<p>[\/vc_column_text][\/vc_column_inner][\/vc_row_inner][vc_single_image image=&#8221;16742&#8243; img_size=&#8221;full&#8221; css=&#8221;&#8221; qode_css_animation=&#8221;&#8221;][vc_column_text css=&#8221;.vc_custom_1765295080364{padding-top: 20px !important;padding-bottom: 20px !important;}&#8221;]Am\u00e9rico Nave, executive director and co-founder of CRESCER, has 24 years of experience in implementing and coordinating community intervention projects. In an interview with Avenida Association, he tells us about two innovative projects, currently supported by the Association, that promote the inclusion and job training of people experiencing homelessness. It is an opportunity to learn more about the projects \u201c<strong>\u00c9 UM RESTAURANTE\u201d<\/strong> and \u201c<strong>\u00c9 UMA CASA<\/strong>\u201d, as well as the organization\u2019s current challenges and ways to contribute to solidarity.<\/p>\n<p><strong>How long has CRESCER existed and what is its focus of action?<\/strong><\/p>\n<p>CRESCER was founded in 2001 and works with people in situations of vulnerability, namely people experiencing homelessness, people who use psychoactive substances, refugees, and migrants. Its aim is to promote their health, reduce risks, and foster their inclusion in the community through community intervention projects.<\/p>\n<p><strong>The number of people experiencing homelessness has increased exponentially over the last five years. What is your perception of the current reality in the city of Lisbon?<\/strong><\/p>\n<p>Our perception is that the increase in the number of people in this situation highlights the need for a structured, inclusive, and lasting response that goes beyond temporary solutions. We believe that homelessness is directly linked to difficulties in accessing housing, and when there is a housing crisis, it is natural for these numbers to rise.<\/p>\n<p><strong>Avenida Association regards \u00c9 UM RESTAURANTE as a very special member, not only for its excellent gastronomic offerings but, above all, because it is an example of how social businesses can succeed. Could you explain what sets this restaurant apart?<\/strong><\/p>\n<p data-start=\"254\" data-end=\"614\">\u00c9 UM RESTAURANTE was the first social business created by CRESCER in 2019, with a dual purpose: to offer high-quality gastronomic experience with creative and well-crafted dishes, while simultaneously promoting the training and professional integration of people in vulnerable situations; and to generate a sustainable source of income for the Association.<\/p>\n<p>\u00c9 UM RESTAURANTE stands out for being much more than a dining space. It is a social project that provides training and employment opportunities to people in vulnerable situations, fostering their inclusion and dignity. At the same time, it ensures a high-quality gastronomic experience, proving that businesses with a social impact can be both competitive and sustainable. It is an example of how purpose and excellence can be combined.<\/p>\n<p><strong>Is Chef Nuno Bergonse responsible for creating the restaurant\u2019s menus? Is he also a source of inspiration for the team?<\/strong><\/p>\n<p data-start=\"125\" data-end=\"612\" data-is-last-node=\"\" data-is-only-node=\"\">Yes! Chef Nuno Bergonse has embraced from the very beginning the challenge of being the consulting chef for our restaurants. The very positive feedback we have received over the years, particularly regarding the quality of the food, is undoubtedly due to the knowledge and creativity that the Chef has brought to our projects. For the team, he is a source of inspiration and learning, contributing not only to gastronomic excellence but also to the professional growth of the trainees.<\/p>\n<p><strong>Avenida Association contributed this year with various kitchen equipment for \u00c9 UM RESTAURANTE, as well as uniforms for the team. How important are these kinds of contributions<\/strong>?<\/p>\n<p data-start=\"181\" data-end=\"606\" data-is-last-node=\"\" data-is-only-node=\"\">They are very important. Although we are in a continuous process of improvement, our main area of action is not the restaurant business but social intervention projects for people in vulnerable situations. Therefore, having this type of support is always an added value, as it allows us to improve the quality of the service we provide to our customers while simultaneously strengthening the sustainability of our projects.<\/p>\n<p><strong>The aim of your project is to provide training and experience in the restaurant sector, equipping people to enter the job market. Is there an average duration of stay for those working at \u00c9 UM RESTAURANTE?<\/strong><\/p>\n<p data-start=\"211\" data-end=\"649\" data-is-last-node=\"\" data-is-only-node=\"\">After the training period, the trainees, with the support of our team, are encouraged to seek employment that aligns with their personal interests and goals, which may or may not be related to the restaurant sector. In some cases, trainees are integrated into CRESCER\u2019s social businesses, such as \u201c<strong>\u00c9 UM CATERING<\/strong>,\u201d which provides catering services and offers an opportunity for continued professional development within our organization.<\/p>\n<p><strong>Could you share some success stories related to this project?<\/strong><\/p>\n<p data-start=\"67\" data-end=\"100\">Yes, we can share two examples:<br \/>\nThe first is trainee C., who, through the training, was able to reestablish work routines, receive medical care, and obtain a dental prosthesis that boosted his self-esteem and improved his oral health, consequently facilitating his professional integration. Today, he works and can independently pay for his room and expenses.<\/p>\n<p data-start=\"433\" data-end=\"975\" data-is-last-node=\"\" data-is-only-node=\"\">The journey of A. is an inspiring example of overcoming challenges and rebuilding life. After completing the training, he developed new routines that restored stability and focus, finding work as a gardener, something he is truly passionate about. This progress is also reflected in increased self-esteem and the resumption of access to healthcare, including general medicine and dental consultations. Throughout this process, A. built new friendships, strengthening his support network and consolidating his path toward inclusion and well-being.<\/p>\n<p><strong>\u00c9 UMA CASA (Housing First), a project originating in the USA, is another CRESCER initiative that has had a very direct impact on the inclusion of people experiencing homelessness. How long has it been in Portugal?<br \/>\n<\/strong>The Housing First methodology was first implemented in Portugal in 2009, and CRESCER launched its own project, &#8220;<strong>\u00c9 UMA CASA<\/strong>, <strong>Lisbon Housing First<\/strong>,&#8221; in 2013. We started with a pilot project of 7 homes with the support of the Lisbon City Council, and today we manage 152 homes in the municipalities of Lisbon, Almada, and Loures, with the support of the respective City Councils, and, in the case of Lisbon and Loures, also with the Social Security Institute. We also provide supervision to other organizations implementing this methodology in the Azores, Algarve, and Porto.<\/p>\n<p><strong>What does it consist of?<\/strong><\/p>\n<p>The &#8220;\u00c9 UMA CASA, Housing First&#8221; project guarantees immediate access to individual, scattered housing in the city for people experiencing chronic homelessness, those who have lived on the streets for an average of 15 years, with some over 20 years. The main goal is to promote full integration by facilitating connections to healthcare services, social support, and community structures, as well as fostering relationships with neighbors and the local community, helping to rebuild networks of belonging and support.<\/p>\n<p data-start=\"549\" data-end=\"695\" data-is-last-node=\"\" data-is-only-node=\"\"><strong data-start=\"549\" data-end=\"592\">How many people have benefited from it?<\/strong><\/p>\n<p data-start=\"549\" data-end=\"695\" data-is-last-node=\"\" data-is-only-node=\"\">In total, more than 170 people have benefited from the Housing First project implemented by CRESCER.<\/p>\n<p><strong>\u00c9 UMA CASA includes technical and social support from CRESCER <\/strong><strong>and<\/strong><strong> requires <\/strong><strong>commitment<\/strong><strong> from the beneficiaries. How does it work in practice?<\/strong><\/p>\n<p data-start=\"154\" data-end=\"317\">Beneficiaries receive support from a specialized technical team and sign a commitment agreement with the Association, which establishes the following conditions:<\/p>\n<ul>\n<li data-start=\"320\" data-end=\"372\">A minimum of 6 monthly visits by the support team.<\/li>\n<li data-start=\"375\" data-end=\"441\" data-is-last-node=\"\">Contribution of 30% of any income they may have (when applicable).<\/li>\n<\/ul>\n<p><strong>What is the success rate?<\/strong><\/p>\n<p>The project has a success rate of 90%, meaning that among the more than 170 people supported, nine out of ten have not returned to homelessness.<\/p>\n<p><strong>With the comfort and basic needs of these beneficiaries in mind, Associa\u00e7\u00e3o Avenida recently donated 30 appliances. How can other organizations, individuals, or companies join CRESCER in providing what is most needed?<\/strong><\/p>\n<p>People and companies can support CRESCER in various ways, contributing to the well-being and inclusion of those we assist.<\/p>\n<p><strong>Individuals can support us by:<\/strong><\/p>\n<ul>\n<li><strong>IRS allocation:<\/strong> donating 1% of their income tax to CRESCER at no cost (Tax ID: 505 483 599).<\/li>\n<li><strong>Direct donations<\/strong> via MB Way to 965 063 318.<\/li>\n<li><strong>Donating goods:<\/strong> including clothing, personal hygiene products (including menstrual products), food, cleaning products for homes, and small appliances (e.g., microwaves or beds in good condition).<\/li>\n<li><strong>Visiting our restaurants<\/strong> thereby supporting the sustainability of our social businesses.<\/li>\n<\/ul>\n<p><strong>Companies can support us by:<\/strong><\/p>\n<ul>\n<li><strong>Investing in the &#8220;\u00c9 UMA HABITA\u00c7\u00c3O&#8221; project,<\/strong> which aims to create affordable housing solutions. For more information, contact: <a href=\"mailto:info@crescer.org\">info@crescer.org<\/a><\/li>\n<\/ul>\n<ul>\n<li>Making<strong> direct donations<\/strong> to our projects, supporting their sustainability.<\/li>\n<li>Employing<strong> people who have been in vulnerable situations<\/strong> through the &#8220;Porta Aberta&#8221; project. More information: <a href=\"https:\/\/crescer.org\/projetos\/porta-aberta\/\">https:\/\/crescer.org\/projetos\/porta-aberta\/<\/a><\/li>\n<li><strong>Hiring our catering services<\/strong> via email: <a href=\"mailto:eventos@crescer.org\">eventos@crescer.org<\/a><\/li>\n<\/ul>\n<p><strong>Does the organization have any mechanism (such as an Open Day) that allows people to learn more about its work?<\/strong><\/p>\n<p data-start=\"119\" data-end=\"541\" data-is-last-node=\"\" data-is-only-node=\"\">As part of the <a href=\"https:\/\/eumcongresso.pt\/\">Congress<\/a> we organize (&#8220;\u00c9 UM CONGRESSO, Housing First &amp; Harm Reduction&#8221;), participants can visit the field and see our projects up close. Outside of this context, we are always available to welcome anyone\u2014donors, partners, potential supporters, students, academics, other organizations, etc.\u2014who wishes to learn about our work on the ground and understand the impact of our interventions.<\/p>\n<p><strong>How many projects <\/strong><strong>does<\/strong><strong> CRESCER currently have promoting inclusion, and in which areas?<\/strong><\/p>\n<p data-start=\"94\" data-end=\"300\">Currently, CRESCER runs 30 community intervention projects, supporting people experiencing homelessness, people who use psychoactive substances, refugees, and migrants, along with seven social businesses.<\/p>\n<p data-start=\"302\" data-end=\"523\"><strong data-start=\"302\" data-end=\"521\">How do you assess the balance between public and private support that the organization has received over time, and what is the importance of contributions from civil society and companies in addressing these issues?<\/strong><\/p>\n<p data-start=\"525\" data-end=\"879\">Public funding still accounts for more than 70% of CRESCER\u2019s total financing. However, the Association has been seeking to strengthen its financial sustainability through social business and the involvement of private partners and individual donors. Our goal for the near future is for funding from private sources and our own revenues to exceed 50%.<br \/>\nBased on our experience and the results achieved, we believe it is possible to eradicate homelessness. To reach this goal, a collective commitment is essential, relying on the support of civil society and companies to realize this shared vision.<\/p>\n<p><strong>In promoting inclusion in general, what are the main challenges CRESCER faces?<\/strong><\/p>\n<p data-start=\"86\" data-end=\"360\">The main challenge we face is the stigma associated with the most vulnerable populations, particularly people experiencing homelessness. Preconceived ideas persist, such as the belief that people &#8220;do not want to leave the streets&#8221; or &#8220;are not capable of living in a home.&#8221;<br \/>\nOur experience demonstrates exactly the opposite: we have never encountered anyone who refused to join the &#8220;\u00c9 UMA CASA, Housing First&#8221; project when given the opportunity to have a home and appropriate support.<\/p>\n<p><strong>What message would you like to leave for our readers about your work and challenges?<\/strong><\/p>\n<p data-start=\"92\" data-end=\"327\">We want to thank everyone who has supported our work over the years, especially our public, private, and third-sector partners, as well as individual supporters. We would also like to give a very special thanks to Avenida Association.<br \/>\nWe also wish to reinforce our conviction that having people living on the streets is not inevitable. As a society, we can and must achieve the goal of ensuring a home for everyone.<br \/>\nWe invite all those who share this mission to sign the manifesto <em data-start=\"578\" data-end=\"601\">&#8220;<\/em><em><a href=\"https:\/\/peticaopublica.com\/pview.aspx?pi=PT127185\">A Home for Everyone<\/a><\/em><em>&#8220;<\/em> and join us in building a more just, supportive, and inclusive community. For us, it is a matter of investment: according to our calculations, guaranteeing a home for all people experiencing homelessness in the country would represent only 0.1% of GDP per year for 15 years.<\/p>\n<p><strong>BIO:<\/strong><strong><br data-start=\"6\" data-end=\"9\" \/>Am\u00e9rico Nave<\/strong><\/p>\n<p data-start=\"27\" data-end=\"370\">Clinical psychologist Am\u00e9rico Nave works with some of the most vulnerable groups, including people who use psychoactive substances, individuals experiencing homelessness, asylum seekers, refugees, and migrants. He has 24 years of professional experience in implementing and coordinating risk-reduction projects with multidisciplinary teams.<br \/>\nMore recently, he has focused on social businesses, developing projects that promote training and labor inclusion for people in vulnerable situations, as well as other innovative initiatives based on the philosophy of Risk Reduction. All these projects are developed by CRESCER, an association of which he is Executive Director and co-founder.<\/p>\n<p>[\/vc_column_text][\/vc_column][vc_column width=&#8221;1\/4&#8243; css=&#8221;.vc_custom_1611306590457{padding-right: 30px !important;padding-left: 30px !important;}&#8221;][vc_widget_sidebar sidebar_id=&#8221;Sidebar Descobrir&#8221;][\/vc_column][\/vc_row][vc_row css_animation=&#8221;&#8221; row_type=&#8221;row&#8221; use_row_as_full_screen_section=&#8221;no&#8221; type=&#8221;full_width&#8221; angled_section=&#8221;no&#8221; text_align=&#8221;left&#8221; background_image_as_pattern=&#8221;without_pattern&#8221;][vc_column][\/vc_column][\/vc_row]<\/p>\n<\/div>","protected":false},"excerpt":{"rendered":"<p>Interview with Am\u00e9rico Nave, from CRESCER \u2013 Association for Community Intervention<\/p>\n","protected":false},"author":3,"featured_media":16742,"comment_status":"open","ping_status":"open","sticky":false,"template":"","format":"standard","meta":{"_acf_changed":false,"footnotes":""},"categories":[40,38],"tags":[],"class_list":["post-16739","post","type-post","status-publish","format-standard","has-post-thumbnail","hentry","category-discover","category-discover-highlight"],"acf":[],"yoast_head":"<!-- This site is optimized with the Yoast SEO plugin v26.7 - https:\/\/yoast.com\/wordpress\/plugins\/seo\/ -->\n<title>With a collective commitment and a shared vision, it is possible to eradicate homelessness. &#8226; Avenida da Liberdade<\/title>\n<meta name=\"description\" content=\"Interview with Am\u00e9rico Nave, from CRESCER \u2013 Association for Community Intervention\" \/>\n<meta name=\"robots\" content=\"index, follow, max-snippet:-1, max-image-preview:large, max-video-preview:-1\" \/>\n<link rel=\"canonical\" href=\"https:\/\/avliberdade.com\/en\/com-um-compromisso-coletivo-e-uma-visao-comum-e-possivel-erradicar-as-situacoes-de-sem-abrigo\/\" \/>\n<meta property=\"og:locale\" content=\"en_US\" \/>\n<meta property=\"og:type\" content=\"article\" \/>\n<meta property=\"og:title\" content=\"With a collective commitment and a shared vision, it is possible to eradicate homelessness. &#8226; Avenida da Liberdade\" \/>\n<meta property=\"og:description\" content=\"Interview with Am\u00e9rico Nave, from CRESCER \u2013 Association for Community Intervention\" \/>\n<meta property=\"og:url\" content=\"https:\/\/avliberdade.com\/en\/com-um-compromisso-coletivo-e-uma-visao-comum-e-possivel-erradicar-as-situacoes-de-sem-abrigo\/\" \/>\n<meta property=\"og:site_name\" content=\"Avenida da Liberdade\" \/>\n<meta property=\"article:publisher\" content=\"https:\/\/www.facebook.com\/avenidadliberdade\" \/>\n<meta property=\"article:published_time\" content=\"2025-12-09T15:45:14+00:00\" \/>\n<meta property=\"article:modified_time\" content=\"2025-12-09T15:45:15+00:00\" \/>\n<meta property=\"og:image\" content=\"https:\/\/avliberdade.com\/wp-content\/uploads\/2025\/12\/DSC_9872-scaled-1.jpg\" \/>\n\t<meta property=\"og:image:width\" content=\"2560\" \/>\n\t<meta property=\"og:image:height\" content=\"1707\" \/>\n\t<meta property=\"og:image:type\" content=\"image\/jpeg\" \/>\n<meta name=\"author\" content=\"Avenida Liberdade Admin\" \/>\n<meta name=\"twitter:card\" content=\"summary_large_image\" \/>\n<meta name=\"twitter:label1\" content=\"Written by\" \/>\n\t<meta name=\"twitter:data1\" content=\"Avenida Liberdade Admin\" \/>\n\t<meta name=\"twitter:label2\" content=\"Est. reading time\" \/>\n\t<meta name=\"twitter:data2\" content=\"12 minutes\" \/>\n<script type=\"application\/ld+json\" class=\"yoast-schema-graph\">{\"@context\":\"https:\/\/schema.org\",\"@graph\":[{\"@type\":\"Article\",\"@id\":\"https:\/\/avliberdade.com\/en\/com-um-compromisso-coletivo-e-uma-visao-comum-e-possivel-erradicar-as-situacoes-de-sem-abrigo\/#article\",\"isPartOf\":{\"@id\":\"https:\/\/avliberdade.com\/en\/com-um-compromisso-coletivo-e-uma-visao-comum-e-possivel-erradicar-as-situacoes-de-sem-abrigo\/\"},\"author\":{\"name\":\"Avenida Liberdade Admin\",\"@id\":\"https:\/\/avliberdade.com\/#\/schema\/person\/6134b3eb277be2ece7e67b97cf45b047\"},\"headline\":\"With a collective commitment and a shared vision, it is possible to eradicate homelessness.\",\"datePublished\":\"2025-12-09T15:45:14+00:00\",\"dateModified\":\"2025-12-09T15:45:15+00:00\",\"mainEntityOfPage\":{\"@id\":\"https:\/\/avliberdade.com\/en\/com-um-compromisso-coletivo-e-uma-visao-comum-e-possivel-erradicar-as-situacoes-de-sem-abrigo\/\"},\"wordCount\":2058,\"commentCount\":0,\"publisher\":{\"@id\":\"https:\/\/avliberdade.com\/#organization\"},\"image\":{\"@id\":\"https:\/\/avliberdade.com\/en\/com-um-compromisso-coletivo-e-uma-visao-comum-e-possivel-erradicar-as-situacoes-de-sem-abrigo\/#primaryimage\"},\"thumbnailUrl\":\"https:\/\/avliberdade.com\/wp-content\/uploads\/2025\/12\/DSC_9872-scaled-1.jpg\",\"articleSection\":[\"DISCOVER\",\"DISCOVER HIGHLIGHT\"],\"inLanguage\":\"en-US\",\"potentialAction\":[{\"@type\":\"CommentAction\",\"name\":\"Comment\",\"target\":[\"https:\/\/avliberdade.com\/en\/com-um-compromisso-coletivo-e-uma-visao-comum-e-possivel-erradicar-as-situacoes-de-sem-abrigo\/#respond\"]}]},{\"@type\":\"WebPage\",\"@id\":\"https:\/\/avliberdade.com\/en\/com-um-compromisso-coletivo-e-uma-visao-comum-e-possivel-erradicar-as-situacoes-de-sem-abrigo\/\",\"url\":\"https:\/\/avliberdade.com\/en\/com-um-compromisso-coletivo-e-uma-visao-comum-e-possivel-erradicar-as-situacoes-de-sem-abrigo\/\",\"name\":\"With a collective commitment and a shared vision, it is possible to eradicate homelessness. &#8226; Avenida da Liberdade\",\"isPartOf\":{\"@id\":\"https:\/\/avliberdade.com\/#website\"},\"primaryImageOfPage\":{\"@id\":\"https:\/\/avliberdade.com\/en\/com-um-compromisso-coletivo-e-uma-visao-comum-e-possivel-erradicar-as-situacoes-de-sem-abrigo\/#primaryimage\"},\"image\":{\"@id\":\"https:\/\/avliberdade.com\/en\/com-um-compromisso-coletivo-e-uma-visao-comum-e-possivel-erradicar-as-situacoes-de-sem-abrigo\/#primaryimage\"},\"thumbnailUrl\":\"https:\/\/avliberdade.com\/wp-content\/uploads\/2025\/12\/DSC_9872-scaled-1.jpg\",\"datePublished\":\"2025-12-09T15:45:14+00:00\",\"dateModified\":\"2025-12-09T15:45:15+00:00\",\"description\":\"Interview with Am\u00e9rico Nave, from CRESCER \u2013 Association for Community Intervention\",\"breadcrumb\":{\"@id\":\"https:\/\/avliberdade.com\/en\/com-um-compromisso-coletivo-e-uma-visao-comum-e-possivel-erradicar-as-situacoes-de-sem-abrigo\/#breadcrumb\"},\"inLanguage\":\"en-US\",\"potentialAction\":[{\"@type\":\"ReadAction\",\"target\":[\"https:\/\/avliberdade.com\/en\/com-um-compromisso-coletivo-e-uma-visao-comum-e-possivel-erradicar-as-situacoes-de-sem-abrigo\/\"]}]},{\"@type\":\"ImageObject\",\"inLanguage\":\"en-US\",\"@id\":\"https:\/\/avliberdade.com\/en\/com-um-compromisso-coletivo-e-uma-visao-comum-e-possivel-erradicar-as-situacoes-de-sem-abrigo\/#primaryimage\",\"url\":\"https:\/\/avliberdade.com\/wp-content\/uploads\/2025\/12\/DSC_9872-scaled-1.jpg\",\"contentUrl\":\"https:\/\/avliberdade.com\/wp-content\/uploads\/2025\/12\/DSC_9872-scaled-1.jpg\",\"width\":2560,\"height\":1707},{\"@type\":\"BreadcrumbList\",\"@id\":\"https:\/\/avliberdade.com\/en\/com-um-compromisso-coletivo-e-uma-visao-comum-e-possivel-erradicar-as-situacoes-de-sem-abrigo\/#breadcrumb\",\"itemListElement\":[{\"@type\":\"ListItem\",\"position\":1,\"name\":\"In\u00edcio\",\"item\":\"https:\/\/avliberdade.com\/en\/\"},{\"@type\":\"ListItem\",\"position\":2,\"name\":\"With a collective commitment and a shared vision, it is possible to eradicate homelessness.\"}]},{\"@type\":\"WebSite\",\"@id\":\"https:\/\/avliberdade.com\/#website\",\"url\":\"https:\/\/avliberdade.com\/\",\"name\":\"Avenida da Liberdade\",\"description\":\"No cora\u00e7\u00e3o de Lisboa\",\"publisher\":{\"@id\":\"https:\/\/avliberdade.com\/#organization\"},\"potentialAction\":[{\"@type\":\"SearchAction\",\"target\":{\"@type\":\"EntryPoint\",\"urlTemplate\":\"https:\/\/avliberdade.com\/?s={search_term_string}\"},\"query-input\":{\"@type\":\"PropertyValueSpecification\",\"valueRequired\":true,\"valueName\":\"search_term_string\"}}],\"inLanguage\":\"en-US\"},{\"@type\":\"Organization\",\"@id\":\"https:\/\/avliberdade.com\/#organization\",\"name\":\"Associa\u00e7\u00e3o Avenida da Liberdade\",\"url\":\"https:\/\/avliberdade.com\/\",\"logo\":{\"@type\":\"ImageObject\",\"inLanguage\":\"en-US\",\"@id\":\"https:\/\/avliberdade.com\/#\/schema\/logo\/image\/\",\"url\":\"https:\/\/avliberdade.com\/wp-content\/uploads\/2021\/02\/logo-al.jpg\",\"contentUrl\":\"https:\/\/avliberdade.com\/wp-content\/uploads\/2021\/02\/logo-al.jpg\",\"width\":1080,\"height\":1080,\"caption\":\"Associa\u00e7\u00e3o Avenida da Liberdade\"},\"image\":{\"@id\":\"https:\/\/avliberdade.com\/#\/schema\/logo\/image\/\"},\"sameAs\":[\"https:\/\/www.facebook.com\/avenidadliberdade\",\"https:\/\/www.instagram.com\/avenida.liberdade\/\"]},{\"@type\":\"Person\",\"@id\":\"https:\/\/avliberdade.com\/#\/schema\/person\/6134b3eb277be2ece7e67b97cf45b047\",\"name\":\"Avenida Liberdade Admin\",\"image\":{\"@type\":\"ImageObject\",\"inLanguage\":\"en-US\",\"@id\":\"https:\/\/avliberdade.com\/#\/schema\/person\/image\/\",\"url\":\"https:\/\/secure.gravatar.com\/avatar\/45e300488b9726158128f64f015d0e9148b850180a3704c13afb448010480f95?s=96&d=mm&r=g\",\"contentUrl\":\"https:\/\/secure.gravatar.com\/avatar\/45e300488b9726158128f64f015d0e9148b850180a3704c13afb448010480f95?s=96&d=mm&r=g\",\"caption\":\"Avenida Liberdade Admin\"},\"url\":\"https:\/\/avliberdade.com\/en\/author\/avenida-liberdade-admin\/\"}]}<\/script>\n<!-- \/ Yoast SEO plugin. -->","yoast_head_json":{"title":"With a collective commitment and a shared vision, it is possible to eradicate homelessness. &#8226; Avenida da Liberdade","description":"Interview with Am\u00e9rico Nave, from CRESCER \u2013 Association for Community Intervention","robots":{"index":"index","follow":"follow","max-snippet":"max-snippet:-1","max-image-preview":"max-image-preview:large","max-video-preview":"max-video-preview:-1"},"canonical":"https:\/\/avliberdade.com\/en\/com-um-compromisso-coletivo-e-uma-visao-comum-e-possivel-erradicar-as-situacoes-de-sem-abrigo\/","og_locale":"en_US","og_type":"article","og_title":"With a collective commitment and a shared vision, it is possible to eradicate homelessness. &#8226; Avenida da Liberdade","og_description":"Interview with Am\u00e9rico Nave, from CRESCER \u2013 Association for Community Intervention","og_url":"https:\/\/avliberdade.com\/en\/com-um-compromisso-coletivo-e-uma-visao-comum-e-possivel-erradicar-as-situacoes-de-sem-abrigo\/","og_site_name":"Avenida da Liberdade","article_publisher":"https:\/\/www.facebook.com\/avenidadliberdade","article_published_time":"2025-12-09T15:45:14+00:00","article_modified_time":"2025-12-09T15:45:15+00:00","og_image":[{"width":2560,"height":1707,"url":"https:\/\/avliberdade.com\/wp-content\/uploads\/2025\/12\/DSC_9872-scaled-1.jpg","type":"image\/jpeg"}],"author":"Avenida Liberdade Admin","twitter_card":"summary_large_image","twitter_misc":{"Written by":"Avenida Liberdade Admin","Est. reading time":"12 minutes"},"schema":{"@context":"https:\/\/schema.org","@graph":[{"@type":"Article","@id":"https:\/\/avliberdade.com\/en\/com-um-compromisso-coletivo-e-uma-visao-comum-e-possivel-erradicar-as-situacoes-de-sem-abrigo\/#article","isPartOf":{"@id":"https:\/\/avliberdade.com\/en\/com-um-compromisso-coletivo-e-uma-visao-comum-e-possivel-erradicar-as-situacoes-de-sem-abrigo\/"},"author":{"name":"Avenida Liberdade Admin","@id":"https:\/\/avliberdade.com\/#\/schema\/person\/6134b3eb277be2ece7e67b97cf45b047"},"headline":"With a collective commitment and a shared vision, it is possible to eradicate homelessness.","datePublished":"2025-12-09T15:45:14+00:00","dateModified":"2025-12-09T15:45:15+00:00","mainEntityOfPage":{"@id":"https:\/\/avliberdade.com\/en\/com-um-compromisso-coletivo-e-uma-visao-comum-e-possivel-erradicar-as-situacoes-de-sem-abrigo\/"},"wordCount":2058,"commentCount":0,"publisher":{"@id":"https:\/\/avliberdade.com\/#organization"},"image":{"@id":"https:\/\/avliberdade.com\/en\/com-um-compromisso-coletivo-e-uma-visao-comum-e-possivel-erradicar-as-situacoes-de-sem-abrigo\/#primaryimage"},"thumbnailUrl":"https:\/\/avliberdade.com\/wp-content\/uploads\/2025\/12\/DSC_9872-scaled-1.jpg","articleSection":["DISCOVER","DISCOVER HIGHLIGHT"],"inLanguage":"en-US","potentialAction":[{"@type":"CommentAction","name":"Comment","target":["https:\/\/avliberdade.com\/en\/com-um-compromisso-coletivo-e-uma-visao-comum-e-possivel-erradicar-as-situacoes-de-sem-abrigo\/#respond"]}]},{"@type":"WebPage","@id":"https:\/\/avliberdade.com\/en\/com-um-compromisso-coletivo-e-uma-visao-comum-e-possivel-erradicar-as-situacoes-de-sem-abrigo\/","url":"https:\/\/avliberdade.com\/en\/com-um-compromisso-coletivo-e-uma-visao-comum-e-possivel-erradicar-as-situacoes-de-sem-abrigo\/","name":"With a collective commitment and a shared vision, it is possible to eradicate homelessness. &#8226; Avenida da Liberdade","isPartOf":{"@id":"https:\/\/avliberdade.com\/#website"},"primaryImageOfPage":{"@id":"https:\/\/avliberdade.com\/en\/com-um-compromisso-coletivo-e-uma-visao-comum-e-possivel-erradicar-as-situacoes-de-sem-abrigo\/#primaryimage"},"image":{"@id":"https:\/\/avliberdade.com\/en\/com-um-compromisso-coletivo-e-uma-visao-comum-e-possivel-erradicar-as-situacoes-de-sem-abrigo\/#primaryimage"},"thumbnailUrl":"https:\/\/avliberdade.com\/wp-content\/uploads\/2025\/12\/DSC_9872-scaled-1.jpg","datePublished":"2025-12-09T15:45:14+00:00","dateModified":"2025-12-09T15:45:15+00:00","description":"Interview with Am\u00e9rico Nave, from CRESCER \u2013 Association for Community Intervention","breadcrumb":{"@id":"https:\/\/avliberdade.com\/en\/com-um-compromisso-coletivo-e-uma-visao-comum-e-possivel-erradicar-as-situacoes-de-sem-abrigo\/#breadcrumb"},"inLanguage":"en-US","potentialAction":[{"@type":"ReadAction","target":["https:\/\/avliberdade.com\/en\/com-um-compromisso-coletivo-e-uma-visao-comum-e-possivel-erradicar-as-situacoes-de-sem-abrigo\/"]}]},{"@type":"ImageObject","inLanguage":"en-US","@id":"https:\/\/avliberdade.com\/en\/com-um-compromisso-coletivo-e-uma-visao-comum-e-possivel-erradicar-as-situacoes-de-sem-abrigo\/#primaryimage","url":"https:\/\/avliberdade.com\/wp-content\/uploads\/2025\/12\/DSC_9872-scaled-1.jpg","contentUrl":"https:\/\/avliberdade.com\/wp-content\/uploads\/2025\/12\/DSC_9872-scaled-1.jpg","width":2560,"height":1707},{"@type":"BreadcrumbList","@id":"https:\/\/avliberdade.com\/en\/com-um-compromisso-coletivo-e-uma-visao-comum-e-possivel-erradicar-as-situacoes-de-sem-abrigo\/#breadcrumb","itemListElement":[{"@type":"ListItem","position":1,"name":"In\u00edcio","item":"https:\/\/avliberdade.com\/en\/"},{"@type":"ListItem","position":2,"name":"With a collective commitment and a shared vision, it is possible to eradicate homelessness."}]},{"@type":"WebSite","@id":"https:\/\/avliberdade.com\/#website","url":"https:\/\/avliberdade.com\/","name":"Avenida da Liberdade","description":"No cora\u00e7\u00e3o de Lisboa","publisher":{"@id":"https:\/\/avliberdade.com\/#organization"},"potentialAction":[{"@type":"SearchAction","target":{"@type":"EntryPoint","urlTemplate":"https:\/\/avliberdade.com\/?s={search_term_string}"},"query-input":{"@type":"PropertyValueSpecification","valueRequired":true,"valueName":"search_term_string"}}],"inLanguage":"en-US"},{"@type":"Organization","@id":"https:\/\/avliberdade.com\/#organization","name":"Associa\u00e7\u00e3o Avenida da Liberdade","url":"https:\/\/avliberdade.com\/","logo":{"@type":"ImageObject","inLanguage":"en-US","@id":"https:\/\/avliberdade.com\/#\/schema\/logo\/image\/","url":"https:\/\/avliberdade.com\/wp-content\/uploads\/2021\/02\/logo-al.jpg","contentUrl":"https:\/\/avliberdade.com\/wp-content\/uploads\/2021\/02\/logo-al.jpg","width":1080,"height":1080,"caption":"Associa\u00e7\u00e3o Avenida da Liberdade"},"image":{"@id":"https:\/\/avliberdade.com\/#\/schema\/logo\/image\/"},"sameAs":["https:\/\/www.facebook.com\/avenidadliberdade","https:\/\/www.instagram.com\/avenida.liberdade\/"]},{"@type":"Person","@id":"https:\/\/avliberdade.com\/#\/schema\/person\/6134b3eb277be2ece7e67b97cf45b047","name":"Avenida Liberdade Admin","image":{"@type":"ImageObject","inLanguage":"en-US","@id":"https:\/\/avliberdade.com\/#\/schema\/person\/image\/","url":"https:\/\/secure.gravatar.com\/avatar\/45e300488b9726158128f64f015d0e9148b850180a3704c13afb448010480f95?s=96&d=mm&r=g","contentUrl":"https:\/\/secure.gravatar.com\/avatar\/45e300488b9726158128f64f015d0e9148b850180a3704c13afb448010480f95?s=96&d=mm&r=g","caption":"Avenida Liberdade Admin"},"url":"https:\/\/avliberdade.com\/en\/author\/avenida-liberdade-admin\/"}]}},"_links":{"self":[{"href":"https:\/\/avliberdade.com\/en\/wp-json\/wp\/v2\/posts\/16739","targetHints":{"allow":["GET"]}}],"collection":[{"href":"https:\/\/avliberdade.com\/en\/wp-json\/wp\/v2\/posts"}],"about":[{"href":"https:\/\/avliberdade.com\/en\/wp-json\/wp\/v2\/types\/post"}],"author":[{"embeddable":true,"href":"https:\/\/avliberdade.com\/en\/wp-json\/wp\/v2\/users\/3"}],"replies":[{"embeddable":true,"href":"https:\/\/avliberdade.com\/en\/wp-json\/wp\/v2\/comments?post=16739"}],"version-history":[{"count":4,"href":"https:\/\/avliberdade.com\/en\/wp-json\/wp\/v2\/posts\/16739\/revisions"}],"predecessor-version":[{"id":16747,"href":"https:\/\/avliberdade.com\/en\/wp-json\/wp\/v2\/posts\/16739\/revisions\/16747"}],"wp:featuredmedia":[{"embeddable":true,"href":"https:\/\/avliberdade.com\/en\/wp-json\/wp\/v2\/media\/16742"}],"wp:attachment":[{"href":"https:\/\/avliberdade.com\/en\/wp-json\/wp\/v2\/media?parent=16739"}],"wp:term":[{"taxonomy":"category","embeddable":true,"href":"https:\/\/avliberdade.com\/en\/wp-json\/wp\/v2\/categories?post=16739"},{"taxonomy":"post_tag","embeddable":true,"href":"https:\/\/avliberdade.com\/en\/wp-json\/wp\/v2\/tags?post=16739"}],"curies":[{"name":"wp","href":"https:\/\/api.w.org\/{rel}","templated":true}]}}