

{"id":10544,"date":"2024-07-02T15:53:10","date_gmt":"2024-07-02T15:53:10","guid":{"rendered":"https:\/\/avliberdade.com\/?p=10544"},"modified":"2024-07-02T16:11:31","modified_gmt":"2024-07-02T16:11:31","slug":"joao-pedro-coelho-concert-at-the-tivoli-avenida-liberdade-hotel","status":"publish","type":"post","link":"https:\/\/avliberdade.com\/en\/joao-pedro-coelho-concert-at-the-tivoli-avenida-liberdade-hotel\/","title":{"rendered":"Jo\u00e3o Pedro Coelho concert at the Tivoli Avenida Liberdade Hotel"},"content":{"rendered":"<div class=\"wpb-content-wrapper\"><p>[vc_row css_animation=&#8221;&#8221; row_type=&#8221;row&#8221; use_row_as_full_screen_section=&#8221;no&#8221; type=&#8221;grid&#8221; angled_section=&#8221;no&#8221; text_align=&#8221;left&#8221; background_image_as_pattern=&#8221;without_pattern&#8221; z_index=&#8221;&#8221;][vc_column width=&#8221;3\/4&#8243;][vc_row_inner row_type=&#8221;row&#8221; type=&#8221;full_width&#8221; text_align=&#8221;left&#8221; css_animation=&#8221;&#8221;][vc_column_inner][vc_column_text el_class=&#8221;titulo_blog&#8221;]<\/p>\n<h1 class=\"tk3\" style=\"text-align: center;\"><strong>\u00a0Jo\u00e3o Pedro Coelho concert at the Tivoli Avenida Liberdade Hotel<br \/>\n<\/strong><\/h1>\n<p>[\/vc_column_text][\/vc_column_inner][\/vc_row_inner][vc_single_image image=&#8221;10546&#8243; img_size=&#8221;full&#8221; qode_css_animation=&#8221;&#8221;][vc_column_text css=&#8221;.vc_custom_1719936688422{padding-top: 20px !important;padding-bottom: 20px !important;}&#8221;]July brings another Live Session to the Tivoli Avenida Liberdade. This time, the hotel lobby welcomes the pianist and composer Jo\u00e3o Pedro Coelho.<\/p>\n<p>At 31, Jo\u00e3o Pedro Coelho is one of the most prominent artists in the new generation of jazz musicians.<\/p>\n<p>He is a member of Ricardo Toscano&#8217;s quartet, the Loul\u00e9 Jazz trio, &#8216;Can\u00e7\u00f5es da Ilha Deserta&#8217; with Marta Garrett, the Pedro Moreira Quintet, the Hot Clube Sextet, and the Orquestra Assintom\u00e1tica. In recent years, he shared the stage with notable musicians such as Nelson Cascais, Teresinha Landeiro, Rick Margitza, Bruno Pernadas, Guinga, Jorge H\u00e9lder, Andr\u00e9 Fernandes, Afonso Pais, Martin Sued, Perico Sambeat, among others.<\/p>\n<p>In 2021, &#8220;Cr\u00f3nicas&#8221; &#8211; his debut album, was released, featuring compositions that traverse the realms of jazz, classical, and Portuguese popular music.<\/p>\n<p>He will perform at the hotel accompanied by two other acclaimed artists: Andr\u00e9 Sousa Machado on drums and Romeu Trist\u00e3o on double bass.<\/p>\n<p>This free concert will take place in the Lobby Bar, with the option to enjoy it from the hotel&#8217;s Mezzanine.<\/p>\n<p>Photo: Jorge Carmona[\/vc_column_text][vc_gallery interval=&#8221;3&#8243; images=&#8221;10549&#8243; img_size=&#8221;large&#8221; show_image_description=&#8221;yes&#8221;][\/vc_column][vc_column width=&#8221;1\/4&#8243; css=&#8221;.vc_custom_1611306590457{padding-right: 30px !important;padding-left: 30px !important;}&#8221;][vc_widget_sidebar sidebar_id=&#8221;Sidebar Descobrir&#8221;][\/vc_column][\/vc_row][vc_row css_animation=&#8221;&#8221; row_type=&#8221;row&#8221; use_row_as_full_screen_section=&#8221;no&#8221; type=&#8221;full_width&#8221; angled_section=&#8221;no&#8221; text_align=&#8221;left&#8221; background_image_as_pattern=&#8221;without_pattern&#8221;][vc_column][\/vc_column][\/vc_row]<\/p>\n<\/div>","protected":false},"excerpt":{"rendered":"<p>With free entry, the Tivoli Live Sessions is scheduled for 25 July (Thursday) at 7.30pm.<\/p>\n","protected":false},"author":3,"featured_media":10546,"comment_status":"open","ping_status":"open","sticky":false,"template":"","format":"standard","meta":{"_acf_changed":false,"footnotes":""},"categories":[41],"tags":[],"class_list":["post-10544","post","type-post","status-publish","format-standard","has-post-thumbnail","hentry","category-new-in"],"acf":[],"yoast_head":"<!-- This site is optimized with the Yoast SEO plugin v26.7 - https:\/\/yoast.com\/wordpress\/plugins\/seo\/ -->\n<title>Jo\u00e3o Pedro Coelho concert at the Tivoli Avenida Liberdade Hotel &#8226; Avenida da Liberdade<\/title>\n<meta name=\"robots\" content=\"index, follow, max-snippet:-1, max-image-preview:large, max-video-preview:-1\" \/>\n<link rel=\"canonical\" href=\"https:\/\/avliberdade.com\/en\/joao-pedro-coelho-concert-at-the-tivoli-avenida-liberdade-hotel\/\" \/>\n<meta property=\"og:locale\" content=\"en_US\" \/>\n<meta property=\"og:type\" content=\"article\" \/>\n<meta property=\"og:title\" content=\"Jo\u00e3o Pedro Coelho concert at the Tivoli Avenida Liberdade Hotel &#8226; Avenida da Liberdade\" \/>\n<meta property=\"og:description\" content=\"With free entry, the Tivoli Live Sessions is scheduled for 25 July (Thursday) at 7.30pm.\" \/>\n<meta property=\"og:url\" content=\"https:\/\/avliberdade.com\/en\/joao-pedro-coelho-concert-at-the-tivoli-avenida-liberdade-hotel\/\" \/>\n<meta property=\"og:site_name\" content=\"Avenida da Liberdade\" \/>\n<meta property=\"article:publisher\" content=\"https:\/\/www.facebook.com\/avenidadliberdade\" \/>\n<meta property=\"article:published_time\" content=\"2024-07-02T15:53:10+00:00\" \/>\n<meta property=\"article:modified_time\" content=\"2024-07-02T16:11:31+00:00\" \/>\n<meta property=\"og:image\" content=\"https:\/\/avliberdade.com\/wp-content\/uploads\/2024\/07\/Tivoli-Live-Session-Joao-Pedro-Coelho-1920x1080px.jpg\" \/>\n\t<meta property=\"og:image:width\" content=\"1920\" \/>\n\t<meta property=\"og:image:height\" content=\"1080\" \/>\n\t<meta property=\"og:image:type\" content=\"image\/jpeg\" \/>\n<meta name=\"author\" content=\"Avenida Liberdade Admin\" \/>\n<meta name=\"twitter:card\" content=\"summary_large_image\" \/>\n<meta name=\"twitter:label1\" content=\"Written by\" \/>\n\t<meta name=\"twitter:data1\" content=\"Avenida Liberdade Admin\" \/>\n\t<meta name=\"twitter:label2\" content=\"Est. reading time\" \/>\n\t<meta name=\"twitter:data2\" content=\"2 minutes\" \/>\n<script type=\"application\/ld+json\" class=\"yoast-schema-graph\">{\"@context\":\"https:\/\/schema.org\",\"@graph\":[{\"@type\":\"Article\",\"@id\":\"https:\/\/avliberdade.com\/en\/joao-pedro-coelho-concert-at-the-tivoli-avenida-liberdade-hotel\/#article\",\"isPartOf\":{\"@id\":\"https:\/\/avliberdade.com\/en\/joao-pedro-coelho-concert-at-the-tivoli-avenida-liberdade-hotel\/\"},\"author\":{\"name\":\"Avenida Liberdade Admin\",\"@id\":\"https:\/\/avliberdade.com\/#\/schema\/person\/6134b3eb277be2ece7e67b97cf45b047\"},\"headline\":\"Jo\u00e3o Pedro Coelho concert at the Tivoli Avenida Liberdade Hotel\",\"datePublished\":\"2024-07-02T15:53:10+00:00\",\"dateModified\":\"2024-07-02T16:11:31+00:00\",\"mainEntityOfPage\":{\"@id\":\"https:\/\/avliberdade.com\/en\/joao-pedro-coelho-concert-at-the-tivoli-avenida-liberdade-hotel\/\"},\"wordCount\":363,\"commentCount\":0,\"publisher\":{\"@id\":\"https:\/\/avliberdade.com\/#organization\"},\"image\":{\"@id\":\"https:\/\/avliberdade.com\/en\/joao-pedro-coelho-concert-at-the-tivoli-avenida-liberdade-hotel\/#primaryimage\"},\"thumbnailUrl\":\"https:\/\/avliberdade.com\/wp-content\/uploads\/2024\/07\/Tivoli-Live-Session-Joao-Pedro-Coelho-1920x1080px.jpg\",\"articleSection\":[\"NEW IN\"],\"inLanguage\":\"en-US\",\"potentialAction\":[{\"@type\":\"CommentAction\",\"name\":\"Comment\",\"target\":[\"https:\/\/avliberdade.com\/en\/joao-pedro-coelho-concert-at-the-tivoli-avenida-liberdade-hotel\/#respond\"]}]},{\"@type\":\"WebPage\",\"@id\":\"https:\/\/avliberdade.com\/en\/joao-pedro-coelho-concert-at-the-tivoli-avenida-liberdade-hotel\/\",\"url\":\"https:\/\/avliberdade.com\/en\/joao-pedro-coelho-concert-at-the-tivoli-avenida-liberdade-hotel\/\",\"name\":\"Jo\u00e3o Pedro Coelho concert at the Tivoli Avenida Liberdade Hotel &#8226; Avenida da Liberdade\",\"isPartOf\":{\"@id\":\"https:\/\/avliberdade.com\/#website\"},\"primaryImageOfPage\":{\"@id\":\"https:\/\/avliberdade.com\/en\/joao-pedro-coelho-concert-at-the-tivoli-avenida-liberdade-hotel\/#primaryimage\"},\"image\":{\"@id\":\"https:\/\/avliberdade.com\/en\/joao-pedro-coelho-concert-at-the-tivoli-avenida-liberdade-hotel\/#primaryimage\"},\"thumbnailUrl\":\"https:\/\/avliberdade.com\/wp-content\/uploads\/2024\/07\/Tivoli-Live-Session-Joao-Pedro-Coelho-1920x1080px.jpg\",\"datePublished\":\"2024-07-02T15:53:10+00:00\",\"dateModified\":\"2024-07-02T16:11:31+00:00\",\"breadcrumb\":{\"@id\":\"https:\/\/avliberdade.com\/en\/joao-pedro-coelho-concert-at-the-tivoli-avenida-liberdade-hotel\/#breadcrumb\"},\"inLanguage\":\"en-US\",\"potentialAction\":[{\"@type\":\"ReadAction\",\"target\":[\"https:\/\/avliberdade.com\/en\/joao-pedro-coelho-concert-at-the-tivoli-avenida-liberdade-hotel\/\"]}]},{\"@type\":\"ImageObject\",\"inLanguage\":\"en-US\",\"@id\":\"https:\/\/avliberdade.com\/en\/joao-pedro-coelho-concert-at-the-tivoli-avenida-liberdade-hotel\/#primaryimage\",\"url\":\"https:\/\/avliberdade.com\/wp-content\/uploads\/2024\/07\/Tivoli-Live-Session-Joao-Pedro-Coelho-1920x1080px.jpg\",\"contentUrl\":\"https:\/\/avliberdade.com\/wp-content\/uploads\/2024\/07\/Tivoli-Live-Session-Joao-Pedro-Coelho-1920x1080px.jpg\",\"width\":1920,\"height\":1080},{\"@type\":\"BreadcrumbList\",\"@id\":\"https:\/\/avliberdade.com\/en\/joao-pedro-coelho-concert-at-the-tivoli-avenida-liberdade-hotel\/#breadcrumb\",\"itemListElement\":[{\"@type\":\"ListItem\",\"position\":1,\"name\":\"In\u00edcio\",\"item\":\"https:\/\/avliberdade.com\/en\/\"},{\"@type\":\"ListItem\",\"position\":2,\"name\":\"Jo\u00e3o Pedro Coelho concert at the Tivoli Avenida Liberdade Hotel\"}]},{\"@type\":\"WebSite\",\"@id\":\"https:\/\/avliberdade.com\/#website\",\"url\":\"https:\/\/avliberdade.com\/\",\"name\":\"Avenida da Liberdade\",\"description\":\"No cora\u00e7\u00e3o de Lisboa\",\"publisher\":{\"@id\":\"https:\/\/avliberdade.com\/#organization\"},\"potentialAction\":[{\"@type\":\"SearchAction\",\"target\":{\"@type\":\"EntryPoint\",\"urlTemplate\":\"https:\/\/avliberdade.com\/?s={search_term_string}\"},\"query-input\":{\"@type\":\"PropertyValueSpecification\",\"valueRequired\":true,\"valueName\":\"search_term_string\"}}],\"inLanguage\":\"en-US\"},{\"@type\":\"Organization\",\"@id\":\"https:\/\/avliberdade.com\/#organization\",\"name\":\"Associa\u00e7\u00e3o Avenida da Liberdade\",\"url\":\"https:\/\/avliberdade.com\/\",\"logo\":{\"@type\":\"ImageObject\",\"inLanguage\":\"en-US\",\"@id\":\"https:\/\/avliberdade.com\/#\/schema\/logo\/image\/\",\"url\":\"https:\/\/avliberdade.com\/wp-content\/uploads\/2021\/02\/logo-al.jpg\",\"contentUrl\":\"https:\/\/avliberdade.com\/wp-content\/uploads\/2021\/02\/logo-al.jpg\",\"width\":1080,\"height\":1080,\"caption\":\"Associa\u00e7\u00e3o Avenida da Liberdade\"},\"image\":{\"@id\":\"https:\/\/avliberdade.com\/#\/schema\/logo\/image\/\"},\"sameAs\":[\"https:\/\/www.facebook.com\/avenidadliberdade\",\"https:\/\/www.instagram.com\/avenida.liberdade\/\"]},{\"@type\":\"Person\",\"@id\":\"https:\/\/avliberdade.com\/#\/schema\/person\/6134b3eb277be2ece7e67b97cf45b047\",\"name\":\"Avenida Liberdade Admin\",\"image\":{\"@type\":\"ImageObject\",\"inLanguage\":\"en-US\",\"@id\":\"https:\/\/avliberdade.com\/#\/schema\/person\/image\/\",\"url\":\"https:\/\/secure.gravatar.com\/avatar\/45e300488b9726158128f64f015d0e9148b850180a3704c13afb448010480f95?s=96&d=mm&r=g\",\"contentUrl\":\"https:\/\/secure.gravatar.com\/avatar\/45e300488b9726158128f64f015d0e9148b850180a3704c13afb448010480f95?s=96&d=mm&r=g\",\"caption\":\"Avenida Liberdade Admin\"},\"url\":\"https:\/\/avliberdade.com\/en\/author\/avenida-liberdade-admin\/\"}]}<\/script>\n<!-- \/ Yoast SEO plugin. -->","yoast_head_json":{"title":"Jo\u00e3o Pedro Coelho concert at the Tivoli Avenida Liberdade Hotel &#8226; Avenida da Liberdade","robots":{"index":"index","follow":"follow","max-snippet":"max-snippet:-1","max-image-preview":"max-image-preview:large","max-video-preview":"max-video-preview:-1"},"canonical":"https:\/\/avliberdade.com\/en\/joao-pedro-coelho-concert-at-the-tivoli-avenida-liberdade-hotel\/","og_locale":"en_US","og_type":"article","og_title":"Jo\u00e3o Pedro Coelho concert at the Tivoli Avenida Liberdade Hotel &#8226; Avenida da Liberdade","og_description":"With free entry, the Tivoli Live Sessions is scheduled for 25 July (Thursday) at 7.30pm.","og_url":"https:\/\/avliberdade.com\/en\/joao-pedro-coelho-concert-at-the-tivoli-avenida-liberdade-hotel\/","og_site_name":"Avenida da Liberdade","article_publisher":"https:\/\/www.facebook.com\/avenidadliberdade","article_published_time":"2024-07-02T15:53:10+00:00","article_modified_time":"2024-07-02T16:11:31+00:00","og_image":[{"width":1920,"height":1080,"url":"https:\/\/avliberdade.com\/wp-content\/uploads\/2024\/07\/Tivoli-Live-Session-Joao-Pedro-Coelho-1920x1080px.jpg","type":"image\/jpeg"}],"author":"Avenida Liberdade Admin","twitter_card":"summary_large_image","twitter_misc":{"Written by":"Avenida Liberdade Admin","Est. reading time":"2 minutes"},"schema":{"@context":"https:\/\/schema.org","@graph":[{"@type":"Article","@id":"https:\/\/avliberdade.com\/en\/joao-pedro-coelho-concert-at-the-tivoli-avenida-liberdade-hotel\/#article","isPartOf":{"@id":"https:\/\/avliberdade.com\/en\/joao-pedro-coelho-concert-at-the-tivoli-avenida-liberdade-hotel\/"},"author":{"name":"Avenida Liberdade Admin","@id":"https:\/\/avliberdade.com\/#\/schema\/person\/6134b3eb277be2ece7e67b97cf45b047"},"headline":"Jo\u00e3o Pedro Coelho concert at the Tivoli Avenida Liberdade Hotel","datePublished":"2024-07-02T15:53:10+00:00","dateModified":"2024-07-02T16:11:31+00:00","mainEntityOfPage":{"@id":"https:\/\/avliberdade.com\/en\/joao-pedro-coelho-concert-at-the-tivoli-avenida-liberdade-hotel\/"},"wordCount":363,"commentCount":0,"publisher":{"@id":"https:\/\/avliberdade.com\/#organization"},"image":{"@id":"https:\/\/avliberdade.com\/en\/joao-pedro-coelho-concert-at-the-tivoli-avenida-liberdade-hotel\/#primaryimage"},"thumbnailUrl":"https:\/\/avliberdade.com\/wp-content\/uploads\/2024\/07\/Tivoli-Live-Session-Joao-Pedro-Coelho-1920x1080px.jpg","articleSection":["NEW IN"],"inLanguage":"en-US","potentialAction":[{"@type":"CommentAction","name":"Comment","target":["https:\/\/avliberdade.com\/en\/joao-pedro-coelho-concert-at-the-tivoli-avenida-liberdade-hotel\/#respond"]}]},{"@type":"WebPage","@id":"https:\/\/avliberdade.com\/en\/joao-pedro-coelho-concert-at-the-tivoli-avenida-liberdade-hotel\/","url":"https:\/\/avliberdade.com\/en\/joao-pedro-coelho-concert-at-the-tivoli-avenida-liberdade-hotel\/","name":"Jo\u00e3o Pedro Coelho concert at the Tivoli Avenida Liberdade Hotel &#8226; Avenida da Liberdade","isPartOf":{"@id":"https:\/\/avliberdade.com\/#website"},"primaryImageOfPage":{"@id":"https:\/\/avliberdade.com\/en\/joao-pedro-coelho-concert-at-the-tivoli-avenida-liberdade-hotel\/#primaryimage"},"image":{"@id":"https:\/\/avliberdade.com\/en\/joao-pedro-coelho-concert-at-the-tivoli-avenida-liberdade-hotel\/#primaryimage"},"thumbnailUrl":"https:\/\/avliberdade.com\/wp-content\/uploads\/2024\/07\/Tivoli-Live-Session-Joao-Pedro-Coelho-1920x1080px.jpg","datePublished":"2024-07-02T15:53:10+00:00","dateModified":"2024-07-02T16:11:31+00:00","breadcrumb":{"@id":"https:\/\/avliberdade.com\/en\/joao-pedro-coelho-concert-at-the-tivoli-avenida-liberdade-hotel\/#breadcrumb"},"inLanguage":"en-US","potentialAction":[{"@type":"ReadAction","target":["https:\/\/avliberdade.com\/en\/joao-pedro-coelho-concert-at-the-tivoli-avenida-liberdade-hotel\/"]}]},{"@type":"ImageObject","inLanguage":"en-US","@id":"https:\/\/avliberdade.com\/en\/joao-pedro-coelho-concert-at-the-tivoli-avenida-liberdade-hotel\/#primaryimage","url":"https:\/\/avliberdade.com\/wp-content\/uploads\/2024\/07\/Tivoli-Live-Session-Joao-Pedro-Coelho-1920x1080px.jpg","contentUrl":"https:\/\/avliberdade.com\/wp-content\/uploads\/2024\/07\/Tivoli-Live-Session-Joao-Pedro-Coelho-1920x1080px.jpg","width":1920,"height":1080},{"@type":"BreadcrumbList","@id":"https:\/\/avliberdade.com\/en\/joao-pedro-coelho-concert-at-the-tivoli-avenida-liberdade-hotel\/#breadcrumb","itemListElement":[{"@type":"ListItem","position":1,"name":"In\u00edcio","item":"https:\/\/avliberdade.com\/en\/"},{"@type":"ListItem","position":2,"name":"Jo\u00e3o Pedro Coelho concert at the Tivoli Avenida Liberdade Hotel"}]},{"@type":"WebSite","@id":"https:\/\/avliberdade.com\/#website","url":"https:\/\/avliberdade.com\/","name":"Avenida da Liberdade","description":"No cora\u00e7\u00e3o de Lisboa","publisher":{"@id":"https:\/\/avliberdade.com\/#organization"},"potentialAction":[{"@type":"SearchAction","target":{"@type":"EntryPoint","urlTemplate":"https:\/\/avliberdade.com\/?s={search_term_string}"},"query-input":{"@type":"PropertyValueSpecification","valueRequired":true,"valueName":"search_term_string"}}],"inLanguage":"en-US"},{"@type":"Organization","@id":"https:\/\/avliberdade.com\/#organization","name":"Associa\u00e7\u00e3o Avenida da Liberdade","url":"https:\/\/avliberdade.com\/","logo":{"@type":"ImageObject","inLanguage":"en-US","@id":"https:\/\/avliberdade.com\/#\/schema\/logo\/image\/","url":"https:\/\/avliberdade.com\/wp-content\/uploads\/2021\/02\/logo-al.jpg","contentUrl":"https:\/\/avliberdade.com\/wp-content\/uploads\/2021\/02\/logo-al.jpg","width":1080,"height":1080,"caption":"Associa\u00e7\u00e3o Avenida da Liberdade"},"image":{"@id":"https:\/\/avliberdade.com\/#\/schema\/logo\/image\/"},"sameAs":["https:\/\/www.facebook.com\/avenidadliberdade","https:\/\/www.instagram.com\/avenida.liberdade\/"]},{"@type":"Person","@id":"https:\/\/avliberdade.com\/#\/schema\/person\/6134b3eb277be2ece7e67b97cf45b047","name":"Avenida Liberdade Admin","image":{"@type":"ImageObject","inLanguage":"en-US","@id":"https:\/\/avliberdade.com\/#\/schema\/person\/image\/","url":"https:\/\/secure.gravatar.com\/avatar\/45e300488b9726158128f64f015d0e9148b850180a3704c13afb448010480f95?s=96&d=mm&r=g","contentUrl":"https:\/\/secure.gravatar.com\/avatar\/45e300488b9726158128f64f015d0e9148b850180a3704c13afb448010480f95?s=96&d=mm&r=g","caption":"Avenida Liberdade Admin"},"url":"https:\/\/avliberdade.com\/en\/author\/avenida-liberdade-admin\/"}]}},"_links":{"self":[{"href":"https:\/\/avliberdade.com\/en\/wp-json\/wp\/v2\/posts\/10544","targetHints":{"allow":["GET"]}}],"collection":[{"href":"https:\/\/avliberdade.com\/en\/wp-json\/wp\/v2\/posts"}],"about":[{"href":"https:\/\/avliberdade.com\/en\/wp-json\/wp\/v2\/types\/post"}],"author":[{"embeddable":true,"href":"https:\/\/avliberdade.com\/en\/wp-json\/wp\/v2\/users\/3"}],"replies":[{"embeddable":true,"href":"https:\/\/avliberdade.com\/en\/wp-json\/wp\/v2\/comments?post=10544"}],"version-history":[{"count":2,"href":"https:\/\/avliberdade.com\/en\/wp-json\/wp\/v2\/posts\/10544\/revisions"}],"predecessor-version":[{"id":10554,"href":"https:\/\/avliberdade.com\/en\/wp-json\/wp\/v2\/posts\/10544\/revisions\/10554"}],"wp:featuredmedia":[{"embeddable":true,"href":"https:\/\/avliberdade.com\/en\/wp-json\/wp\/v2\/media\/10546"}],"wp:attachment":[{"href":"https:\/\/avliberdade.com\/en\/wp-json\/wp\/v2\/media?parent=10544"}],"wp:term":[{"taxonomy":"category","embeddable":true,"href":"https:\/\/avliberdade.com\/en\/wp-json\/wp\/v2\/categories?post=10544"},{"taxonomy":"post_tag","embeddable":true,"href":"https:\/\/avliberdade.com\/en\/wp-json\/wp\/v2\/tags?post=10544"}],"curies":[{"name":"wp","href":"https:\/\/api.w.org\/{rel}","templated":true}]}}